{"id":311120,"date":"2020-12-31T03:00:21","date_gmt":"2020-12-31T02:00:21","guid":{"rendered":"https:\/\/www.focolare.org\/el-2020-en-foto-con-maria-voce-emmaus-y-jesus-moran\/"},"modified":"2024-05-15T20:51:17","modified_gmt":"2024-05-15T18:51:17","slug":"el-2020-en-foto-con-maria-voce-emmaus-y-jesus-moran","status":"publish","type":"post","link":"https:\/\/www.focolare.org\/es\/el-2020-en-foto-con-maria-voce-emmaus-y-jesus-moran\/","title":{"rendered":"El 2020 en foto con Mar\u00eda Voce (Emmaus) y Jes\u00fas Mor\u00e1n"},"content":{"rendered":"<p><em>Algunos momentos del a\u00f1o pasado e im\u00e1genes clave de los t\u00e9rminos de Ema\u00fas como Presidente.<\/em>  https:\/\/vimeo.com\/490452428<\/p>\n","protected":false},"excerpt":{"rendered":"<p>A few moments from the past year and key images from Emmaus&#8217; terms as President.<\/p>\n","protected":false},"author":33,"featured_media":0,"comment_status":"open","ping_status":"open","sticky":false,"template":"","format":"standard","meta":{"give_campaign_id":0,"_seopress_robots_primary_cat":"","_seopress_titles_title":"","_seopress_titles_desc":"","_seopress_robots_index":"","_et_pb_use_builder":"","_et_pb_old_content":"","_et_gb_content_width":"","footnotes":""},"categories":[46],"tags":[],"class_list":["post-311120","post","type-post","status-publish","format-standard","hentry","category-sin-categorizar"],"_links":{"self":[{"href":"https:\/\/www.focolare.org\/es\/wp-json\/wp\/v2\/posts\/311120","targetHints":{"allow":["GET"]}}],"collection":[{"href":"https:\/\/www.focolare.org\/es\/wp-json\/wp\/v2\/posts"}],"about":[{"href":"https:\/\/www.focolare.org\/es\/wp-json\/wp\/v2\/types\/post"}],"author":[{"embeddable":true,"href":"https:\/\/www.focolare.org\/es\/wp-json\/wp\/v2\/users\/33"}],"replies":[{"embeddable":true,"href":"https:\/\/www.focolare.org\/es\/wp-json\/wp\/v2\/comments?post=311120"}],"version-history":[{"count":0,"href":"https:\/\/www.focolare.org\/es\/wp-json\/wp\/v2\/posts\/311120\/revisions"}],"wp:attachment":[{"href":"https:\/\/www.focolare.org\/es\/wp-json\/wp\/v2\/media?parent=311120"}],"wp:term":[{"taxonomy":"category","embeddable":true,"href":"https:\/\/www.focolare.org\/es\/wp-json\/wp\/v2\/categories?post=311120"},{"taxonomy":"post_tag","embeddable":true,"href":"https:\/\/www.focolare.org\/es\/wp-json\/wp\/v2\/tags?post=311120"}],"curies":[{"name":"wp","href":"https:\/\/api.w.org\/{rel}","templated":true}]}}