{"id":311168,"date":"2021-01-28T16:45:28","date_gmt":"2021-01-28T15:45:28","guid":{"rendered":"https:\/\/www.focolare.org\/la-relacion-de-la-presidenta\/"},"modified":"2024-05-15T20:51:23","modified_gmt":"2024-05-15T18:51:23","slug":"la-relacion-de-la-presidenta","status":"publish","type":"post","link":"https:\/\/www.focolare.org\/es\/la-relacion-de-la-presidenta\/","title":{"rendered":"La relaci\u00f3n de la Presidenta"},"content":{"rendered":"<p><strong>Diario de la Asamblea general \/5, del 28 de enero de 2021<\/strong>  <em>Es d\u00eda de balances, hoy, en la Asamblea de los Focolares. El programa prev\u00e9 la reflexi\u00f3n por grupos de la relaci\u00f3n de la Presidenta Mar\u00eda Voce sobre el sexenio que apenas ha concluido. Hace una semana atr\u00e1s que los participantes han recibido el documento y han tenido el tiempo para hacer un an\u00e1lisis personal. Han surgido numerosas preguntas, algunas de las cuales han sido formuladas a la Presidenta y al Co-presidente, Jes\u00fas Mor\u00e1n, en las primeras horas de la tarde.<\/em>  <div id=\"attachment_239630\" style=\"width: 438px\" class=\"wp-caption alignright\"><img alt=\"\" alt=\"\" loading=\"lazy\" decoding=\"async\" aria-describedby=\"caption-attachment-239630\" class=\"wp-image-239630\" src=\"https:\/\/www.focolare.org\/wp-content\/uploads\/2021\/01\/Copia-di-Header-Articolo-604x340.png\" alt=\"\" width=\"428\" height=\"241\" \/><p id=\"caption-attachment-239630\" class=\"wp-caption-text\">Mar\u00eda Voce y Jes\u00fas Mor\u00e1n<\/p><\/div>  Mar\u00eda Voce explica que la relaci\u00f3n no quiere ser \u201cun elenco de actividades\u201d, sino ofrecer m\u00e1s bien \u201cuna lectura de lo vivido\u201d. \u00a0Llama la atenci\u00f3n sobre la \u201cnueva configuraci\u00f3n\u201d del Movimiento de los Focolares: un proceso encaminado para actualizar el carisma de la unidad en los distintos contextos del mundo. Mar\u00eda Voce admite que este proceso, en varios ambientes, ha creado \u201cuna cierta desorientaci\u00f3n\u201d pero subraya tambi\u00e9n los efectos positivos: un nuevo protagonismo de las comunidades locales y nuevas sinergias entre las numerosas ramas y subdivisiones territoriales, que ha dado el espacio a una nueva creatividad.  Despu\u00e9s de haber resaltado la valiosa contribuci\u00f3n de las nuevas generaciones del Movimiento, entre las cuales ha encontrado \u201cpersonas comprometidas, dispuestas a asumirse las propias responsabilidades\u201d, la Presidenta traza un an\u00e1lisis de las tres l\u00edneas emergidas en la precedente Asamblea del 2014. Con respecto al primer punto<strong>, \u201cen salida\u201d<\/strong>, evidencia los campos donde los miembros del Movimiento han ofrecido la propia contribuci\u00f3n t\u00edpica de la unidad, en los ambientes m\u00e1s variados como en lo social o en el di\u00e1logo intercultural.\u00a0 Por lo que respecta al segundo punto, <strong>\u201cjuntos\u201d<\/strong>, constata luego la disminuci\u00f3n de las tendencias a la fragmentaci\u00f3n dentro del Movimiento, con una propensi\u00f3n hacia un trabajo m\u00e1s sin\u00e9rgico. Al final, subraya que el \u00faltimo punto, <strong>\u201coportunamente preparados\u201d<\/strong>, se ha intentado vivir desarrollando nuevos itinerarios de formaci\u00f3n humana y espiritual para los miembros y dirigentes.  Sea la relaci\u00f3n como las sucesivas respuestas de Mar\u00eda Voce y Jes\u00fas Mor\u00e1n no esconden los desaf\u00edos y las criticidades que el Movimiento est\u00e1 afrontando, como por ejemplo la dificultad en encontrar formas y caminos adecuados para comunicar el propio carisma en modo actual para el mundo de hoy; una disminuci\u00f3n en el n\u00famero de las vocaciones y el gran desaf\u00edo surgido a partir de la dolorosa evidencia de distintas formas de abuso tambi\u00e9n dentro del Movimiento, que significa \u2013 como afirma el Co-presidente Mor\u00e1n \u2013 la necesidad de continuar sobre el camino de \u201cun proceso inevitable y necesario de \u00b4purificaci\u00f3n de la memoria\u00b4, que estamos llamados a vivir con humildad y esperanza\u201d.  Las perspectivas que presenta la Presidenta, en la conclusi\u00f3n de su relaci\u00f3n, parten de una lectura de \u201clos signos de los tiempos\u201d, es decir de las preguntas que plantea la situaci\u00f3n del mundo, adem\u00e1s de la pandemia del Covid: se trata de la propuesta de un estilo de vida sobrio y sustentable, de una madurada sensibilidad al rol de los nuevos medios y una mayor atenci\u00f3n a la familia. Y ha concluido con un fuerte llamado a vivir una fidelidad radical al Evangelio que, para los miembros del Movimiento significa, fidelidad a la palabra clave de su carisma: \u201cPadre, que todos sean una sola cosa\u201d (Jn 17, 21).  Finalmente Mar\u00eda Voce invita al Movimiento a \u201cir adelante con coraje\u201d para contribuir cada vez m\u00e1s \u201ca una nueva <em>generatividad<\/em> con miras a la fraternidad universal\u201d. <\/p>\n<p style=\"text-align: right;\"><em>Oficina de Comunicaci\u00f3n Focolares<\/em><\/p>\n<p> <a href=\"https:\/\/www.focolare.org\/wp-content\/uploads\/2021\/01\/Diario-de-la-Asamblea-general-5-del-28-de-enero-de-2021.pdf\" target=\"_blank\" rel=\"noopener\">Texto en PDF<\/a>  &nbsp;<\/p>\n","protected":false},"excerpt":{"rendered":"<p>Es d\u00eda de balances, hoy, en la Asamblea de los Focolares. El programa prev\u00e9 la reflexi\u00f3n por grupos de la relaci\u00f3n de la Presidenta Mar\u00eda Voce sobre el sexenio que apenas ha concluido. Hace una semana atr\u00e1s que los participantes han recibido el documento y han tenido el tiempo para hacer un an\u00e1lisis personal. Han surgido numerosas preguntas, algunas de las cuales han sido formuladas a la Presidenta y al Co-presidente en las primeras horas de la tarde.<\/p>\n","protected":false},"author":33,"featured_media":0,"comment_status":"open","ping_status":"open","sticky":false,"template":"","format":"standard","meta":{"give_campaign_id":0,"_seopress_robots_primary_cat":"","_seopress_titles_title":"","_seopress_titles_desc":"","_seopress_robots_index":"","_et_pb_use_builder":"","_et_pb_old_content":"","_et_gb_content_width":"","footnotes":""},"categories":[46],"tags":[],"class_list":["post-311168","post","type-post","status-publish","format-standard","hentry","category-sin-categorizar"],"_links":{"self":[{"href":"https:\/\/www.focolare.org\/es\/wp-json\/wp\/v2\/posts\/311168","targetHints":{"allow":["GET"]}}],"collection":[{"href":"https:\/\/www.focolare.org\/es\/wp-json\/wp\/v2\/posts"}],"about":[{"href":"https:\/\/www.focolare.org\/es\/wp-json\/wp\/v2\/types\/post"}],"author":[{"embeddable":true,"href":"https:\/\/www.focolare.org\/es\/wp-json\/wp\/v2\/users\/33"}],"replies":[{"embeddable":true,"href":"https:\/\/www.focolare.org\/es\/wp-json\/wp\/v2\/comments?post=311168"}],"version-history":[{"count":0,"href":"https:\/\/www.focolare.org\/es\/wp-json\/wp\/v2\/posts\/311168\/revisions"}],"wp:attachment":[{"href":"https:\/\/www.focolare.org\/es\/wp-json\/wp\/v2\/media?parent=311168"}],"wp:term":[{"taxonomy":"category","embeddable":true,"href":"https:\/\/www.focolare.org\/es\/wp-json\/wp\/v2\/categories?post=311168"},{"taxonomy":"post_tag","embeddable":true,"href":"https:\/\/www.focolare.org\/es\/wp-json\/wp\/v2\/tags?post=311168"}],"curies":[{"name":"wp","href":"https:\/\/api.w.org\/{rel}","templated":true}]}}