{"id":311170,"date":"2021-01-29T07:00:34","date_gmt":"2021-01-29T06:00:34","guid":{"rendered":"https:\/\/www.focolare.org\/maria-voce-construir-relaciones-con-todos-esta-es-la-contribucion-esencial-de-los-focolares\/"},"modified":"2024-05-15T20:51:24","modified_gmt":"2024-05-15T18:51:24","slug":"maria-voce-construir-relaciones-con-todos-esta-es-la-contribucion-esencial-de-los-focolares","status":"publish","type":"post","link":"https:\/\/www.focolare.org\/es\/maria-voce-construir-relaciones-con-todos-esta-es-la-contribucion-esencial-de-los-focolares\/","title":{"rendered":"Mar\u00eda Voce: construir relaciones con todos, \u00e9sta es la contribuci\u00f3n esencial de los Focolares"},"content":{"rendered":"<p><em>Mar\u00eda Voce, \u00bfc\u00f3mo ha vivido su rol de primera presidente a la gu\u00eda de los Focolares despu\u00e9s de Chiara Lubich? En una entrevista del 27 de enero pasado en Vatican News, habla de la actualidad del Movimiento y de su gran sinton\u00eda con Papa Francisco. <\/em><em>Publicamos amplios fragmentos de ella.<\/em>  Ciertamente presidir una realidad tan vasta y compleja como la del Movimiento de los Focolares a la que adhieren en el mundo 2 millones de personas, en 182 pa\u00edses, no debe ser una empresa peque\u00f1a. La actual presidenta saliente es <strong>Mar\u00eda Voce<\/strong>, nacida en la provincia de Cosenza, abogada, con estudios de teolog\u00eda y derecho can\u00f3nico. Al micr\u00f3fono de Vatican News, relata cu\u00e1l ha sido la experiencia vivida por 12 a\u00f1os como gu\u00eda del Movimiento.  <strong>Alegr\u00edas y dolores, conquistas, quiz\u00e1s alg\u00fan error, l\u00edmites y oportunidades: todas estas cosas, probablemente han existido siempre en la vida del Movimiento, as\u00ed tambi\u00e9n en estos \u00faltimos a\u00f1os. <\/strong><strong>Si tuviese que decir, en pocas palabras, cu\u00e1l es la realidad hoy, \u00bfqu\u00e9 dir\u00eda?<\/strong> Lo ver\u00eda como un \u00e1rbol, un \u00e1rbol que quiz\u00e1s ha perdido un poquito sus flores y sus hojas, quiz\u00e1s un poco oto\u00f1al como imagen, pero un \u00e1rbol que mantiene intacta la ra\u00edz, muy fuerte, y esta ra\u00edz es capaz de mantener en s\u00ed, la linfa y el calor para nutrir las semillas de este mismo \u00e1rbol que est\u00e1n ya esparcidas en el mundo entero, en todos los continentes, y por lo tanto tiene la posibilidad de continuar nutriendo y germinando, como en efecto est\u00e1n ya germinando en tantas partes. En este\u00a0 momento lo vemos, quiz\u00e1s en invierno, en el calor del invierno, pero es en invierno donde las semillas maduran bajo tierra para luego florecer en primavera, y me parece que sea un \u00e1rbol que est\u00e1 preparando la nueva primavera de la Obra.  <strong>Papa Francisco y el Movimiento de los Focolares: es evidente una gran sinton\u00eda en la \u00f3ptica de la acogida del di\u00e1logo, de la necesidad de construir un mundo distinto. En particular precisamente el llamado del Papa a la fraternidad de la familia humana encuentra al Movimiento en primera l\u00ednea en los di\u00e1logos con los pertenecientes a otras religiones, tambi\u00e9n con los no creyentes. Usted, \u00bfc\u00f3mo ve la contribuci\u00f3n del Movimiento en este sentido?<\/strong> La veo esencial, porque ha sido siempre esencial en Chiara desde los inicios: ciertamente por la gracia del carisma de la unidad recibida por el Esp\u00edritu Santo, ella desde el principio se acercaba realmente a cada persona con esp\u00edritu de fraternidad y as\u00ed ha hecho siempre cuando se ha encontrado con quien fuera, los cat\u00f3licos ante todo \u2013 desde los monse\u00f1ores que la interrogaban, como vimos en la pel\u00edcula, hasta los pobres de Trento -, como ha hecho cuando se ha encontrado con personas de otras Iglesias, de otras religiones o personas sin ninguna religi\u00f3n. En todos Chiara ha encontrado hermanos y hermanas y los ha tratado como hermanos y hermanas: esto nos ha ense\u00f1ado Chiara y esto permanece en el Movimiento, y vemos que esto es de una fuerza extraordinaria. Tambi\u00e9n en estos d\u00edas lo hemos visto en la preparaci\u00f3n a la asamblea, durante la cual estaban en primera l\u00ednea las personas que pertenecen al Movimiento de Iglesias y religiones distintas, las que no tienen una creencia religiosa explicita pero si de buena voluntad, que se han puesto sobre todo a testimoniar esta potencia de amor: que es capaz de crear relaciones en todos los niveles, que es capaz de superar los conflictos, que es capaz de hacerte encontrar junto con personas de otra religi\u00f3n, hasta ayer quiz\u00e1s enemigos la una de la otra, y que como personas se encuentran hablando juntas, rezando juntas, buscando juntas el sentido de la vida, el sentido de la pandemia, el sentido del vivir por los dem\u00e1s, del realizar acciones solidarias por los otros. Lo hemos visto en sus palabras de sabidur\u00eda, en su atenci\u00f3n a lo que el Movimiento est\u00e1 preparando, en su participaci\u00f3n activa en la preparaci\u00f3n de la asamblea con sus sugerencias, con su vida, porque evidentemente inspiradas por el mismo Esp\u00edritu Santo que act\u00faa m\u00e1s all\u00e1 de los confines, m\u00e1s all\u00e1 de las barreras. Por lo tanto tengo la impresi\u00f3n que \u00e9sta sea la contribuci\u00f3n que el Papa siente y sobre la cual puede contar, pero no solamente el Papa, sino toda la Iglesia y toda la humanidad, porque se siente que existe una necesidad extrema de esta fraternidad y que el Movimiento tiene una gracia especial para construirla precisamente por el carisma de unidad que viene por Chiara.  <strong>A prop\u00f3sito de las relaciones, usted ha dicho recientemente una cosa muy fuerte, de haber entendido que para el Movimiento es necesario un giro en el comprender que Dios no es s\u00f3lo Amor, sino tambi\u00e9n Trinidad\u2026<\/strong> Ciertamente Dios es Trinidad, lo que quiere decir que Dios en s\u00ed mismo es relaci\u00f3n. Por lo tanto quiere decir que todos aquellos que buscan a Dios, para encontrarlo deben construir relaciones y no creo que exista alguien que no busque a Dios: buscar\u00e1 la verdad, Dios es tambi\u00e9n la verdad; buscar\u00e1 la belleza, pero Dios es tambi\u00e9n la belleza; buscar\u00e1 la bondad en el mundo, pero Dios es tambi\u00e9n la bondad; Dios es todo aquello que cualquier ser humano pueda buscar y puede encontrar si construye relaciones, y de esto creo que todos somos capaces, porque todos somos creados a imagen de Dios y por lo tanto a imagen de Dios Trinidad.  <strong>Por Estatuto la Obra de Mar\u00eda tendr\u00e1 siempre como presidente a una mujer. Creo que el Movimiento sea una de las pocas realidades en las que el ser mujer, se podr\u00eda decir, tenga una ventaja. Pero es tambi\u00e9n una buena se\u00f1al para la sociedad civil y tambi\u00e9n para la Iglesia\u2026<\/strong> Debo decir que me siento perpleja frente a esta palabra \u201cventaja\u201d, porque a decir verdad estar a la cabeza de un Movimiento como el nuestro, significa realmente ser la primera en el servicio, la primera en multiplicar los actos de amor, la primera en aceptar cualquier desaf\u00edo, cualquier cosa y a superarla con la ayuda de Dios y con la ayuda de los hermanos. Por lo tanto, en un cierto sentido, puede ser una ventaja ser consideradas capaces de ser elegidas, pero no me parece que nosotras lo vivamos en este esp\u00edritu, y no me parece que las focolarinas que son las \u00fanicas que pueden aspirar, si queremos decir as\u00ed a esto, lo vivan as\u00ed, sino m\u00e1s bien con un esp\u00edritu de amor y de servicio a la Obra de Chiara que todos sienten de continuar sirviendo con el amor con la cual Chiara la ha amado, guiada y servida. Luego ciertamente creo\u00a0 que es tambi\u00e9n un testimonio de igualdad, de esa fraternidad profunda, de esa igual dignidad, que va m\u00e1s all\u00e1 de las diferencias sexuales, que Dios ha tra\u00eddo al mundo cuando ha creado al ser humano a su imagen y los ha creado var\u00f3n y mujer. Por lo tanto unidos, en esta complementariedad que debe respetar la diversidad y que por lo tanto debe hacer surgir al uno y al otro en su propia capacidad de donar, que ser\u00e1 seguramente distinta porque Dios ha hecho dos seres distintos, pero hechos para estar juntos y constituir juntos la humanidad a su imagen y semejanza. En este sentido, creo que sea un signo de progreso y es algo que est\u00e1 surgiendo siempre m\u00e1s claro tanto en la Iglesia, como en la sociedad, pero creo que no es otra cosa que la manifestaci\u00f3n siempre m\u00e1s clara de lo que es el perfil mariano de la Iglesia, este perfil que dice de Mar\u00eda, que es mujer y madre, pero tambi\u00e9n reina, tambi\u00e9n fundadora junto al Hijo de la Iglesia en el Calvario, corredentora de la humanidad, principio de unidad para todos. En este sentido, entonces, creo que s\u00ed, es un privilegio que el Movimiento pueda aventajar y que pueda ofrecerlo a la Iglesia y al mundo, de cierto modo, como ejemplo y como pionero.  <strong>Maria Voce, \u00bfqu\u00e9 augura hoy a la Obra de Maria para el futuro?<\/strong> A la Obra, yo auguro como Chiara, la fidelidad m\u00e1xima al Evangelio, es decir una fidelidad que puede alcanzar hasta el hero\u00edsmo, porque es una fidelidad en el vivir el Evangelio concretamente. Y dir\u00eda para esta Obra que continua su camino, fidelidad a aquella palabra del Evangelio que Dios ha querido pronunciar enviando este carisma, es decir, la palabra \u201cunidad\u201d, por lo tanto fidelidad a aquella unidad que debe ser total, que debe ser capaz de vivir relaciones como se viven en la Trinidad, para testimoniar al mundo que Dios existe, que a trav\u00e9s de la Obra a\u00fan puede llevar la fraternidad m\u00e1s ampliamente a la Iglesia y al mundo para contribuir al cumplimiento de la oraci\u00f3n de Jes\u00fas \u201c Padre, que todos sean una sola cosa\u201d. <\/p>\n<p style=\"text-align: right;\"><em>Adriana Masotti<\/em><\/p>\n<p> <a href=\"https:\/\/www.vaticannews.va\/it\/chiesa\/news\/2021-01\/movimento-focolari-assemblea-maria-voce-chiara-lubich-francesco.html\"><strong>Aqu\u00ed<\/strong><\/a><strong> la entrevista completa<\/strong><\/p>\n","protected":false},"excerpt":{"rendered":"<p>Mar\u00eda Voce, \u00bfc\u00f3mo ha vivido su rol de primera presidente a la gu\u00eda de los Focolares despu\u00e9s de Chiara Lubich? En una entrevista del 27 de enero pasado en Vatican News, habla de la actualidad del Movimiento y de su gran sinton\u00eda con Papa Francisco. Publicamos amplios fragmentos de ella.<\/p>\n","protected":false},"author":33,"featured_media":0,"comment_status":"open","ping_status":"open","sticky":false,"template":"","format":"standard","meta":{"give_campaign_id":0,"_seopress_robots_primary_cat":"","_seopress_titles_title":"","_seopress_titles_desc":"","_seopress_robots_index":"","_et_pb_use_builder":"","_et_pb_old_content":"","_et_gb_content_width":"","footnotes":""},"categories":[46],"tags":[],"class_list":["post-311170","post","type-post","status-publish","format-standard","hentry","category-sin-categorizar"],"_links":{"self":[{"href":"https:\/\/www.focolare.org\/es\/wp-json\/wp\/v2\/posts\/311170","targetHints":{"allow":["GET"]}}],"collection":[{"href":"https:\/\/www.focolare.org\/es\/wp-json\/wp\/v2\/posts"}],"about":[{"href":"https:\/\/www.focolare.org\/es\/wp-json\/wp\/v2\/types\/post"}],"author":[{"embeddable":true,"href":"https:\/\/www.focolare.org\/es\/wp-json\/wp\/v2\/users\/33"}],"replies":[{"embeddable":true,"href":"https:\/\/www.focolare.org\/es\/wp-json\/wp\/v2\/comments?post=311170"}],"version-history":[{"count":0,"href":"https:\/\/www.focolare.org\/es\/wp-json\/wp\/v2\/posts\/311170\/revisions"}],"wp:attachment":[{"href":"https:\/\/www.focolare.org\/es\/wp-json\/wp\/v2\/media?parent=311170"}],"wp:term":[{"taxonomy":"category","embeddable":true,"href":"https:\/\/www.focolare.org\/es\/wp-json\/wp\/v2\/categories?post=311170"},{"taxonomy":"post_tag","embeddable":true,"href":"https:\/\/www.focolare.org\/es\/wp-json\/wp\/v2\/tags?post=311170"}],"curies":[{"name":"wp","href":"https:\/\/api.w.org\/{rel}","templated":true}]}}