{"id":311226,"date":"2021-02-22T03:00:20","date_gmt":"2021-02-22T02:00:20","guid":{"rendered":"https:\/\/www.focolare.org\/ahi-esta-nuestro-lugar\/"},"modified":"2024-05-15T20:51:32","modified_gmt":"2024-05-15T18:51:32","slug":"ahi-esta-nuestro-lugar","status":"publish","type":"post","link":"https:\/\/www.focolare.org\/es\/ahi-esta-nuestro-lugar\/","title":{"rendered":"Ah\u00ed est\u00e1 nuestro lugar"},"content":{"rendered":"<p><em>La elecci\u00f3n m\u00e1s radical en la vida de Chiara Lubich fue la de amar a Jes\u00fas sobre todo en su mayor dolor: su abandono en la cruz. Pero amar a \u201cJes\u00fas Abandonado\u201d significa como consecuencia, amar sobre todo a esos pr\u00f3jimos que sentimos m\u00e1s \u201calejados\u201d de nosotros.<\/em>  \u00abTodo aquel que se encolerice contra su hermano, ser\u00e1 reo ante el tribunal\u201d<sup>1<\/sup>. [\u2026]  Volvemos al amor al hermano. Es \u00fatil, es necesario, es bueno para nosotros volver a tomarlo en consideraci\u00f3n. El fin general [de nuestro Movimiento] es la perfecci\u00f3n de la caridad. Amor al hermano. Amor cada vez m\u00e1s sentido, profundo, perfeccionado, refinado.  A veces sentimos que es dif\u00edcil doblegar nuestro coraz\u00f3n a un amor m\u00e1s refinado del que ya tenemos a nuestros hermanos: nuestro coraz\u00f3n es todav\u00eda un poco de piedra; nuestro amor es rudo, superficial, muy apresurado.  \u00bfPor qu\u00e9? Porque todav\u00eda tenemos el coraz\u00f3n ocupado por nosotros mismos, por una cierta consideraci\u00f3n de nosotros. Aunque no nos demos cuenta somos ego\u00edstas y soberbios.  Eso se demuestra por el hecho de que cuando pasamos alguna prueba espiritual dura (que, como un terremoto, parece que desarraiga todo de ra\u00edz, produciendo como efecto el desapego de nosotros mismos, y de nuestras cosas, humill\u00e1ndonos y haciendo disminuir\u00a0 \u00a0nuestro orgullo), notamos que tenemos un amor m\u00e1s comprensivo, m\u00e1s profundo, m\u00e1s f\u00e1cil, m\u00e1s espont\u00e1neo hacia nuestros hermanos. Es as\u00ed. Por tanto, se puede deducir que la pobreza y la humildad est\u00e1n en la base de la caridad.  La pobreza y la humildad.  \u00bfC\u00f3mo adquirirlas? \u00bfC\u00f3mo conquistarlas sin esperar a que vengan tormentas espirituales? [\u2026] Hay que \u201cvivir el otro\u201d [\u2026] y esto lleva consigo el no pensar en s\u00ed mismos, la pobreza total y la humildad total. [\u2026] Pong\u00e1monos ante nuestros pr\u00f3jimos con la actitud de acoger su vida en nosotros plenamente. [\u2026] Y ya que hablamos de pr\u00f3jimos, pregunt\u00e9monos: \u00bfA qui\u00e9n amar primero? \u00bfA qui\u00e9n amar m\u00e1s? \u00bfPor qui\u00e9n tener preferencia?  Nosotros hemos elegido en nuestra vida a Jes\u00fas Abandonado. Por lo tanto, tenemos\u00a0 que preferir a aquellos que, debido a las situaciones en las que se encuentran, nos recuerdan en algo su rostro: todos los que, aun siendo cat\u00f3licos viven separados de la Iglesia; y luego, a todos los que de distintas formas, est\u00e1n m\u00e1s o menos alejados de la verdad que es Cristo, y a los que no creen.  Sobre todo a estos debemos dirigir nuestra atenci\u00f3n.  \u00bfTenemos que cuidar nuestros \u201cracimos de personas\u201d con cartas, con visitas, con llamadas por tel\u00e9fono? Empecemos por quienes, en cierto modo, est\u00e1n m\u00e1s alejados de nosotros.  Reavivemos nuestro amor a los hermanos, haci\u00e9ndonos uno con ellos hasta el punto \u2013 por decir as\u00ed \u2013 de vivir su vida. Y empecemos por aquello que nos parecen estar m\u00e1s lejos de nuestro modo evang\u00e9lico de pensar y de vivir [\u2026] Jes\u00fas Abandonado nos espera all\u00ed. All\u00ed est\u00e1 nuestro sitio. <\/p>\n<p style=\"text-align: right;\"><em>Chiara Lubich <\/em><\/p>\n<p> <em>(En una conferencia telef\u00f3nica, <\/em><em>Rocca di Papa, 12 de febrero de 1987<\/em><em>)<\/em>  <em>Extra\u00eddo de: \u201cEmpezar por el amor a los m\u00e1s alejados\u201d, Cf. Chiara Lubich, Buscando las cosas de arriba, Ciudad Nueva 1993, pp.21-23.<\/em>  <em>1) Mt 5,22a<\/em><\/p>\n","protected":false},"excerpt":{"rendered":"<p>La elecci\u00f3n m\u00e1s radical en la vida de Chiara Lubich fue la de amar a Jes\u00fas sobre todo en su mayor dolor: su abandono en la cruz. Pero amar a \u201cJes\u00fas Abandonado\u201d significa como consecuencia, amar sobre todo a esos pr\u00f3jimos que sentimos m\u00e1s \u201calejados\u201d de nosotros.<\/p>\n","protected":false},"author":33,"featured_media":0,"comment_status":"open","ping_status":"open","sticky":false,"template":"","format":"standard","meta":{"give_campaign_id":0,"_seopress_robots_primary_cat":"","_seopress_titles_title":"","_seopress_titles_desc":"","_seopress_robots_index":"","_et_pb_use_builder":"","_et_pb_old_content":"","_et_gb_content_width":"","footnotes":""},"categories":[46],"tags":[],"class_list":["post-311226","post","type-post","status-publish","format-standard","hentry","category-sin-categorizar"],"_links":{"self":[{"href":"https:\/\/www.focolare.org\/es\/wp-json\/wp\/v2\/posts\/311226","targetHints":{"allow":["GET"]}}],"collection":[{"href":"https:\/\/www.focolare.org\/es\/wp-json\/wp\/v2\/posts"}],"about":[{"href":"https:\/\/www.focolare.org\/es\/wp-json\/wp\/v2\/types\/post"}],"author":[{"embeddable":true,"href":"https:\/\/www.focolare.org\/es\/wp-json\/wp\/v2\/users\/33"}],"replies":[{"embeddable":true,"href":"https:\/\/www.focolare.org\/es\/wp-json\/wp\/v2\/comments?post=311226"}],"version-history":[{"count":0,"href":"https:\/\/www.focolare.org\/es\/wp-json\/wp\/v2\/posts\/311226\/revisions"}],"wp:attachment":[{"href":"https:\/\/www.focolare.org\/es\/wp-json\/wp\/v2\/media?parent=311226"}],"wp:term":[{"taxonomy":"category","embeddable":true,"href":"https:\/\/www.focolare.org\/es\/wp-json\/wp\/v2\/categories?post=311226"},{"taxonomy":"post_tag","embeddable":true,"href":"https:\/\/www.focolare.org\/es\/wp-json\/wp\/v2\/tags?post=311226"}],"curies":[{"name":"wp","href":"https:\/\/api.w.org\/{rel}","templated":true}]}}