{"id":311244,"date":"2021-03-08T12:00:39","date_gmt":"2021-03-08T11:00:39","guid":{"rendered":"https:\/\/www.focolare.org\/la-oracion-de-los-hijos-de-abrahan-abre-nuestros-corazones-al-perdon-reciproco\/"},"modified":"2024-05-15T20:51:36","modified_gmt":"2024-05-15T18:51:36","slug":"la-oracion-de-los-hijos-de-abrahan-abre-nuestros-corazones-al-perdon-reciproco","status":"publish","type":"post","link":"https:\/\/www.focolare.org\/es\/la-oracion-de-los-hijos-de-abrahan-abre-nuestros-corazones-al-perdon-reciproco\/","title":{"rendered":"La oraci\u00f3n de los hijos de Abrahan: \u00ababre nuestros corazones al perd\u00f3n rec\u00edproco\u00bb."},"content":{"rendered":"<p><em>El s\u00e1bado 6 de marzo de 2021, durante el viaje apost\u00f3lico del Papa Francisco a Irak, se celebr\u00f3 un encuentro interreligioso en la Llanura de Ur de los Caldeos. Al final, se enton\u00f3 una oraci\u00f3n inspirada en la figura del patriarca Abrahan, padre com\u00fan en la fe para cristianos, jud\u00edos y musulmanes. Este es el texto.<\/em><em>\u00a0<\/em>  Dios omnipotente, Creador nuestro que amas a la familia humana y a todo lo que han hecho tus manos, nosotros, los hijos e hijas de Abrah\u00e1n pertenecientes al juda\u00edsmo, al cristianismo y al islam, junto a los otros creyentes y a todas las personas de buena voluntad, te agradecemos por habernos dado como padre com\u00fan en la fe a Abrah\u00e1n, hijo insigne de esta noble y amada tierra.  Te damos gracias por su ejemplo de hombre de fe que te obedeci\u00f3 hasta el fin, dejando su familia, su tribu y su patria para ir hacia una tierra que no conoc\u00eda.  Tambi\u00e9n te agradecemos por el ejemplo de valent\u00eda, resiliencia y fortaleza, de generosidad y hospitalidad que nuestro padre com\u00fan en la fe nos ha dado.  Te damos gracias, en particular, por su fe heroica, demostrada por la disponibilidad para sacrificar a su hijo por obedecer tu mandato. Sabemos que era una prueba muy dif\u00edcil, de la que, no obstante, sali\u00f3 vencedor, porque sin condiciones confi\u00f3 en Ti, que eres misericordioso y abres siempre nuevas posibilidades para volver a empezar.  Te agradecemos porque, bendiciendo a nuestro padre Abrah\u00e1n, lo has hecho una bendici\u00f3n para todos los pueblos.  Te pedimos, Dios de nuestro padre Abrah\u00e1n y Dios nuestro, que nos concedas una fe fuerte, diligente en el bien, una fe que abra nuestros corazones a Ti y a todos nuestros hermanos y hermanas; y una esperanza invencible, capaz de percibir en todas partes la fidelidad de tus promesas.  Haz de cada uno de nosotros un testigo de tu cuidado amoroso hacia todos, en particular hacia los refugiados y los desplazados, las viudas y los hu\u00e9rfanos, los pobres y los enfermos.  Abre nuestros corazones al perd\u00f3n rec\u00edproco y haznos instrumentos de reconciliaci\u00f3n, constructores de una sociedad m\u00e1s justa y fraterna.  Acoge en tu morada de paz y de luz a todos los difuntos, en particular a las v\u00edctimas de la violencia y de las guerras.  Asiste a las autoridades civiles en la b\u00fasqueda y el rescate de las personas secuestradas, y en la particular protecci\u00f3n de las mujeres y los ni\u00f1os.  Ay\u00fadanos a cuidar el planeta, la casa com\u00fan que, en tu bondad y generosidad, nos has dado a todos nosotros.  Sostiene nuestras manos en la reconstrucci\u00f3n de este pa\u00eds, y conc\u00e9denos la fuerza necesaria para ayudar a cuantos han tenido que dejar sus casas y sus tierras con vistas a alcanzar seguridad y dignidad, y a comenzar una vida nueva, serena y pr\u00f3spera. Am\u00e9n.<\/p>\n","protected":false},"excerpt":{"rendered":"<p>El s\u00e1bado 6 de marzo de 2021, durante el viaje apost\u00f3lico del Papa Francisco a Irak, se celebr\u00f3 un encuentro interreligioso en la Llanura de Ur de los Caldeos. Al final, se enton\u00f3 una oraci\u00f3n inspirada en la figura del patriarca Abrahan, padre com\u00fan en la fe para cristianos, jud\u00edos y musulmanes. Este es el texto.\u00a0<\/p>\n","protected":false},"author":33,"featured_media":0,"comment_status":"open","ping_status":"open","sticky":false,"template":"","format":"standard","meta":{"give_campaign_id":0,"_seopress_robots_primary_cat":"","_seopress_titles_title":"","_seopress_titles_desc":"","_seopress_robots_index":"","_et_pb_use_builder":"","_et_pb_old_content":"","_et_gb_content_width":"","footnotes":""},"categories":[46],"tags":[],"class_list":["post-311244","post","type-post","status-publish","format-standard","hentry","category-sin-categorizar"],"_links":{"self":[{"href":"https:\/\/www.focolare.org\/es\/wp-json\/wp\/v2\/posts\/311244","targetHints":{"allow":["GET"]}}],"collection":[{"href":"https:\/\/www.focolare.org\/es\/wp-json\/wp\/v2\/posts"}],"about":[{"href":"https:\/\/www.focolare.org\/es\/wp-json\/wp\/v2\/types\/post"}],"author":[{"embeddable":true,"href":"https:\/\/www.focolare.org\/es\/wp-json\/wp\/v2\/users\/33"}],"replies":[{"embeddable":true,"href":"https:\/\/www.focolare.org\/es\/wp-json\/wp\/v2\/comments?post=311244"}],"version-history":[{"count":0,"href":"https:\/\/www.focolare.org\/es\/wp-json\/wp\/v2\/posts\/311244\/revisions"}],"wp:attachment":[{"href":"https:\/\/www.focolare.org\/es\/wp-json\/wp\/v2\/media?parent=311244"}],"wp:term":[{"taxonomy":"category","embeddable":true,"href":"https:\/\/www.focolare.org\/es\/wp-json\/wp\/v2\/categories?post=311244"},{"taxonomy":"post_tag","embeddable":true,"href":"https:\/\/www.focolare.org\/es\/wp-json\/wp\/v2\/tags?post=311244"}],"curies":[{"name":"wp","href":"https:\/\/api.w.org\/{rel}","templated":true}]}}