{"id":311272,"date":"2021-04-01T11:25:19","date_gmt":"2021-04-01T09:25:19","guid":{"rendered":"https:\/\/www.focolare.org\/pascua-una-renovacion-de-todos-nosotros\/"},"modified":"2024-05-15T20:51:39","modified_gmt":"2024-05-15T18:51:39","slug":"pascua-una-renovacion-de-todos-nosotros","status":"publish","type":"post","link":"https:\/\/www.focolare.org\/es\/pascua-una-renovacion-de-todos-nosotros\/","title":{"rendered":"Pascua, una renovaci\u00f3n de todos nosotros"},"content":{"rendered":"<p><em>Aunque la emergencia del coronavirus a\u00fan contin\u00faa, la Pascua es una oportunidad para pasar de la muerte a la vida, de la oscuridad a la luz a trav\u00e9s del amor al hermano. La fuerza de la solidaridad y de la fraternidad universal nos ayuda a mantener viva la esperanza de un mundo m\u00e1s unido.\u00a0<\/em><em>Son los deseos pascuales de la Presidente de los Focolares, Margaret Karim y de muchas personas de todo el mundo.<\/em>  Vea el v\u00eddeo con subt\u00edtulos en italiano, ingl\u00e9s, espa\u00f1ol, franc\u00e9s y portugu\u00e9s.  https:\/\/youtu.be\/2BVukpY5b5s<\/p>\n","protected":false},"excerpt":{"rendered":"<p>Aunque la emergencia del coronavirus a\u00fan contin\u00faa, la Pascua es una oportunidad para pasar de la muerte a la vida, de la oscuridad a la luz a trav\u00e9s del amor al hermano. La fuerza de la solidaridad y de la fraternidad universal nos ayuda a mantener viva la esperanza de un mundo m\u00e1s unido.\u00a0Son los deseos pascuales de la Presidente de los Focolares, Margaret Karim y de muchas personas de todo el mundo.<\/p>\n","protected":false},"author":33,"featured_media":0,"comment_status":"open","ping_status":"open","sticky":false,"template":"","format":"standard","meta":{"give_campaign_id":0,"_seopress_robots_primary_cat":"","_seopress_titles_title":"","_seopress_titles_desc":"","_seopress_robots_index":"","_et_pb_use_builder":"","_et_pb_old_content":"","_et_gb_content_width":"","footnotes":""},"categories":[46],"tags":[],"class_list":["post-311272","post","type-post","status-publish","format-standard","hentry","category-sin-categorizar"],"_links":{"self":[{"href":"https:\/\/www.focolare.org\/es\/wp-json\/wp\/v2\/posts\/311272","targetHints":{"allow":["GET"]}}],"collection":[{"href":"https:\/\/www.focolare.org\/es\/wp-json\/wp\/v2\/posts"}],"about":[{"href":"https:\/\/www.focolare.org\/es\/wp-json\/wp\/v2\/types\/post"}],"author":[{"embeddable":true,"href":"https:\/\/www.focolare.org\/es\/wp-json\/wp\/v2\/users\/33"}],"replies":[{"embeddable":true,"href":"https:\/\/www.focolare.org\/es\/wp-json\/wp\/v2\/comments?post=311272"}],"version-history":[{"count":0,"href":"https:\/\/www.focolare.org\/es\/wp-json\/wp\/v2\/posts\/311272\/revisions"}],"wp:attachment":[{"href":"https:\/\/www.focolare.org\/es\/wp-json\/wp\/v2\/media?parent=311272"}],"wp:term":[{"taxonomy":"category","embeddable":true,"href":"https:\/\/www.focolare.org\/es\/wp-json\/wp\/v2\/categories?post=311272"},{"taxonomy":"post_tag","embeddable":true,"href":"https:\/\/www.focolare.org\/es\/wp-json\/wp\/v2\/tags?post=311272"}],"curies":[{"name":"wp","href":"https:\/\/api.w.org\/{rel}","templated":true}]}}