{"id":311276,"date":"2021-04-06T01:00:03","date_gmt":"2021-04-05T23:00:03","guid":{"rendered":"https:\/\/www.focolare.org\/cual-es-la-vision-de-futuro-para-los-focolares\/"},"modified":"2024-05-15T20:51:40","modified_gmt":"2024-05-15T18:51:40","slug":"cual-es-la-vision-de-futuro-para-los-focolares","status":"publish","type":"post","link":"https:\/\/www.focolare.org\/es\/cual-es-la-vision-de-futuro-para-los-focolares\/","title":{"rendered":"\u00bfCu\u00e1l es la visi\u00f3n de futuro para los Focolares?"},"content":{"rendered":"<p><em>Tras la audiencia de la Asamblea General de los Focolares con el Papa Francisco, \u00bfCu\u00e1l es la visi\u00f3n de futuro para los Focolares?<\/em> <em>En este Conexi\u00f3n hacemos balance con Margaret Karram, Presidenta de los Focolares, y Jes\u00fas Mor\u00e1n, copresidente.<\/em>  https:\/\/vimeo.com\/529661004<\/p>\n","protected":false},"excerpt":{"rendered":"<p>Tras la audiencia de la Asamblea General de los Focolares con el Papa Francisco, \u00bfCu\u00e1l es la visi\u00f3n de futuro para los Focolares?<br \/>\nEn este Conexi\u00f3n hacemos balance con Margaret Karram, Presidenta de los Focolares, y Jes\u00fas Mor\u00e1n, copresidente.<\/p>\n","protected":false},"author":33,"featured_media":0,"comment_status":"open","ping_status":"open","sticky":false,"template":"","format":"standard","meta":{"give_campaign_id":0,"_seopress_robots_primary_cat":"","_seopress_titles_title":"","_seopress_titles_desc":"","_seopress_robots_index":"","_et_pb_use_builder":"","_et_pb_old_content":"","_et_gb_content_width":"","footnotes":""},"categories":[46],"tags":[],"class_list":["post-311276","post","type-post","status-publish","format-standard","hentry","category-sin-categorizar"],"_links":{"self":[{"href":"https:\/\/www.focolare.org\/es\/wp-json\/wp\/v2\/posts\/311276","targetHints":{"allow":["GET"]}}],"collection":[{"href":"https:\/\/www.focolare.org\/es\/wp-json\/wp\/v2\/posts"}],"about":[{"href":"https:\/\/www.focolare.org\/es\/wp-json\/wp\/v2\/types\/post"}],"author":[{"embeddable":true,"href":"https:\/\/www.focolare.org\/es\/wp-json\/wp\/v2\/users\/33"}],"replies":[{"embeddable":true,"href":"https:\/\/www.focolare.org\/es\/wp-json\/wp\/v2\/comments?post=311276"}],"version-history":[{"count":0,"href":"https:\/\/www.focolare.org\/es\/wp-json\/wp\/v2\/posts\/311276\/revisions"}],"wp:attachment":[{"href":"https:\/\/www.focolare.org\/es\/wp-json\/wp\/v2\/media?parent=311276"}],"wp:term":[{"taxonomy":"category","embeddable":true,"href":"https:\/\/www.focolare.org\/es\/wp-json\/wp\/v2\/categories?post=311276"},{"taxonomy":"post_tag","embeddable":true,"href":"https:\/\/www.focolare.org\/es\/wp-json\/wp\/v2\/tags?post=311276"}],"curies":[{"name":"wp","href":"https:\/\/api.w.org\/{rel}","templated":true}]}}