{"id":311312,"date":"2021-05-08T09:46:45","date_gmt":"2021-05-08T07:46:45","guid":{"rendered":"https:\/\/www.focolare.org\/para-el-futuro-la-participacion-de-los-jovenes-es-decisiva\/"},"modified":"2024-05-15T20:51:46","modified_gmt":"2024-05-15T18:51:46","slug":"para-el-futuro-la-participacion-de-los-jovenes-es-decisiva","status":"publish","type":"post","link":"https:\/\/www.focolare.org\/es\/para-el-futuro-la-participacion-de-los-jovenes-es-decisiva\/","title":{"rendered":"Para el futuro, la participaci\u00f3n de los j\u00f3venes es decisiva"},"content":{"rendered":"<p><em>El presidente del Parlamento Europeo, David Sassoli, ha intervenido el pasado 7 de mayo en la apertura del Forum Internacional \u201cAtreverse a cuidar\u201d, el evento central de la Semana Mundo Unido 2021.\u00a0 <\/em>  \u201cLa imagen del cuidado es muy bonita \u2013 ha dicho el presidente del Parlamento Europeo, David Sassoli, en di\u00e1logo con un grupo de j\u00f3venes en la inauguraci\u00f3n del Foro Internacional <em>\u201cDareToCare\u201d<\/em> que se desarrolla en Bruselas (B\u00e9lgica) &#8211; porque la pol\u00edtica tiene este horizonte, no puede tener otros, es el horizonte de la pol\u00edtica: cuidar a las personas, a la propia comunidad, a las ciudades. Creo que esta es verdaderamente una expresi\u00f3n que representa el deseo de apostar por el futuro\u201d.  <img alt=\"\" alt=\"\" loading=\"lazy\" decoding=\"async\" class=\"alignleft size-medium wp-image-241978\" src=\"https:\/\/www.focolare.org\/wp-content\/uploads\/2021\/05\/Foto-da-Dialogo-Sassoli-con-i-giovani-637x340.png\" alt=\"\" width=\"637\" height=\"340\" \/>Los j\u00f3venes que hablaron con \u00e9l eran estudiantes de relaciones internacionales, pol\u00edticos, comunicadores, pacificadores de Italia, Rep\u00fablica Checa, Polonia, B\u00e9lgica, Colombia, Hungr\u00eda, Ruanda. Sus preguntas al presidente se centraron en cuestiones como la democracia, la adhesi\u00f3n de Europa al Tratado de prohibici\u00f3n de las armas nucleares, la hospitalidad y los corredores humanitarios, la crisis clim\u00e1tica. \u201cSabemos que la pol\u00edtica puede hacer muchas cosas \u2013 ha dicho Sassoli &#8211; pero ciertamente no puede hacer mucho sin los ciudadanos, especialmente sin los j\u00f3venes. Por eso, en este dif\u00edcil momento, si queremos pensar y prepararnos para los retos del futuro, la participaci\u00f3n de los j\u00f3venes es muy importante y decisiva\u201d.  El Foro Internacional inaugurado en Bruselas (B\u00e9lgica) se enmarca en la Semana del Mundo Unido 2021, el evento promovido, en la primera semana de mayo, por l0s J\u00f3venes por un Mundo Unido del Movimiento de los Focolares. Cada a\u00f1o, se elige un continente para albergar y preparar el evento central. Esta vez fue el turno de Europa. Y Bruselas, la capital de la Uni\u00f3n Europea, es el coraz\u00f3n de los eventos retransmitidos por la web.  El punto de partida del Foro fue el <em>Atomium<\/em>, el monumento, s\u00edmbolo de Bruselas, erigido con motivo de la Exposici\u00f3n Universal celebrada en la capital belga en 1958. Prof\u00e9ticamente, el tema de esa Exposici\u00f3n fue: \u201cPor un mundo m\u00e1s humano\u201d. Desde aqu\u00ed, desde el coraz\u00f3n de Europa, los j\u00f3venes impulsores de la campa\u00f1a <em>\u201cDareToCare\u201d<\/em> lanzaron hoy su compromiso por lograr que en el mundo haya m\u00e1s cuidado, m\u00e1s inclusi\u00f3n, m\u00e1s fraternidad, por un mundo que respete la dignidad de todos los seres humanos y la identidad de cada pueblo y comunidad.  A trav\u00e9s de testimonios, acciones e iniciativas de los cinco continentes, Rita, Febe y Johnny, j\u00f3venes belgas y luxemburgueses de diferentes or\u00edgenes, mostraron el camino recorrido por la campa\u00f1a <em>\u201cDareToCare\u201d<\/em> desde su lanzamiento en junio de 2020. Burundi, El Salvador, Myanmar, Italia, Colombia, son los pa\u00edses tocados por este giro mundial virtual, descubriendo las m\u00e1s diversas formas de cuidar sus comunidades, sus pa\u00edses, de vivir el compromiso pol\u00edtico o la ciudadan\u00eda activa.  A continuaci\u00f3n, los j\u00f3venes de Oporto (Portugal) comprometidos en la campa\u00f1a <em>\u201cDaretocare\u201d<\/em> han podido trasmitir un <em>\u201cLlamamiento al cuidado\u201d<\/em> a los l\u00edderes europeos, reunidos en su ciudad para la Cumbre Social. Entre otras cosas, el texto dice: \u201cEn nombre de todos aquellos relacionados con la campa\u00f1a #daretocare, pedimos a los l\u00edderes de la UE reunidos en nuestro pa\u00eds este fin de semana, y a los l\u00edderes de todo el mundo, que respondan a nuestro llamado y \u201catreverse a cuidar\u201d.\u00a0 [&#8230;] Para fortalecer los derechos sociales en toda Europa, lanzar la Conferencia hacia el Futuro de Europa con la ambici\u00f3n de unir a los pueblos de Europa, poniendo la atenci\u00f3n en el centro de este proyecto europeo y asegur\u00e1ndose de que la vacuna Covid-19 se convierta una vacuna para todos, un bien com\u00fan global compartido por todos a trav\u00e9s de todas las fronteras\u201d. <\/p>\n<p style=\"text-align: right;\"><em>Tamara Pastorelli<\/em><\/p>\n<p> Para m\u00e1s informaci\u00f3n visitar el sitio web:<a href=\"http:\/\/www.unitedworldproject.org\/es\/uww2021\/\" target=\"_blank\" rel=\"noopener\"> www.unitedworldproject.org\/uww2021<\/a>  &nbsp;<\/p>\n","protected":false},"excerpt":{"rendered":"<p>Il Presidente del Parlamento Europeo David Sassoli \u00e8 intervenuto il 7 maggio 2021 all\u2019apertura del Forum Internazionale \u201cDareToCare-Osare prendersi cura\u201d, evento centrale della Settimana Mondo Unito 2021. \u00a0<\/p>\n","protected":false},"author":31,"featured_media":0,"comment_status":"open","ping_status":"open","sticky":false,"template":"","format":"standard","meta":{"give_campaign_id":0,"_seopress_robots_primary_cat":"","_seopress_titles_title":"","_seopress_titles_desc":"","_seopress_robots_index":"","_et_pb_use_builder":"","_et_pb_old_content":"","_et_gb_content_width":"","footnotes":""},"categories":[46],"tags":[],"class_list":["post-311312","post","type-post","status-publish","format-standard","hentry","category-sin-categorizar"],"_links":{"self":[{"href":"https:\/\/www.focolare.org\/es\/wp-json\/wp\/v2\/posts\/311312","targetHints":{"allow":["GET"]}}],"collection":[{"href":"https:\/\/www.focolare.org\/es\/wp-json\/wp\/v2\/posts"}],"about":[{"href":"https:\/\/www.focolare.org\/es\/wp-json\/wp\/v2\/types\/post"}],"author":[{"embeddable":true,"href":"https:\/\/www.focolare.org\/es\/wp-json\/wp\/v2\/users\/31"}],"replies":[{"embeddable":true,"href":"https:\/\/www.focolare.org\/es\/wp-json\/wp\/v2\/comments?post=311312"}],"version-history":[{"count":0,"href":"https:\/\/www.focolare.org\/es\/wp-json\/wp\/v2\/posts\/311312\/revisions"}],"wp:attachment":[{"href":"https:\/\/www.focolare.org\/es\/wp-json\/wp\/v2\/media?parent=311312"}],"wp:term":[{"taxonomy":"category","embeddable":true,"href":"https:\/\/www.focolare.org\/es\/wp-json\/wp\/v2\/categories?post=311312"},{"taxonomy":"post_tag","embeddable":true,"href":"https:\/\/www.focolare.org\/es\/wp-json\/wp\/v2\/tags?post=311312"}],"curies":[{"name":"wp","href":"https:\/\/api.w.org\/{rel}","templated":true}]}}