{"id":311348,"date":"2021-06-05T01:00:30","date_gmt":"2021-06-04T23:00:30","guid":{"rendered":"https:\/\/www.focolare.org\/un-minuto-por-la-paz-2\/"},"modified":"2024-05-15T20:51:52","modified_gmt":"2024-05-15T18:51:52","slug":"un-minuto-por-la-paz-2","status":"publish","type":"post","link":"https:\/\/www.focolare.org\/es\/un-minuto-por-la-paz-2\/","title":{"rendered":"Un minuto por la paz"},"content":{"rendered":"<p><em>El martes 8 de junio a las 13 (hora local) nos detendremos en todos los husos horarios para rezar por Tierra Santa, Myanmar y por todo el mundo, cada uno seg\u00fan la propia tradici\u00f3n.<\/em>  <img alt=\"\" alt=\"\" loading=\"lazy\" decoding=\"async\" class=\" wp-image-242485 alignright\" src=\"https:\/\/www.focolare.org\/wp-content\/uploads\/2021\/06\/ES_UMPP2021_top-1-505x340.jpg\" alt=\"\" width=\"405\" height=\"273\" \/>\u201cCon\u00a0UN MINUTO POR LA PAZ 2021,\u00a0el 8 de junio a las 13 (hora local) invitamos a todos: cat\u00f3licos, cristianos de las diferentes confesiones, creyentes de las m\u00e1s variadas religiones, hombres y mujeres de buena voluntad a unirse para rezar y trabajar juntos por la paz en todo el mundo, en especial en Jerusal\u00e9n, entre israel\u00edes y palestinos, y en Myanmar\u201d.  Este llamado ha sido lanzado por el Foro Internacional Acci\u00f3n Cat\u00f3lica (FIAC) junto con la Acci\u00f3n Cart\u00f3lica italiana y argentina, por la Uni\u00f3n Mundial de las Organizaciones Femeninas Cat\u00f3licas (UMOFC) y por otras asociaciones. El Movimiento de los Focolares adhiere a esta iniciativa e invita a todos a unirse espiritualmente en este momento especial.  La fecha tiene un alto significado simb\u00f3lico: el 8 de junio de 2014 se llev\u00f3 a cabo en los Jardines Vaticanos el encuentro \u201c<a href=\"https:\/\/www.vatican.va\/content\/francesco\/es\/speeches\/2014\/june\/documents\/papa-francesco_20140608_invocazione-pace.html\" target=\"_blank\" rel=\"noopener\">Invocaci\u00f3n por la paz<\/a>\u201d promovido por el <strong>Papa Francisco <\/strong>junto con el\u00a0 Presidente de Israel <strong>Simon Peres<\/strong>, con el \u00a0Presidente de la Autoridad Palestina <strong>Ma<\/strong><strong>\u1e25<\/strong><strong>m\u016bd <\/strong><strong>\u02bf<\/strong><strong>Abb\u0101s \u2013 Abu Mazen<\/strong>, y con el Patriarca de Constantinopla <strong>Bartolom\u00e9 I<\/strong>. En ese encuentro estaba presente tambi\u00e9n <strong>Margaret Karram<\/strong>, actual Presidente de los Focolares, que en esa ocasi\u00f3n recit\u00f3 la oraci\u00f3n por la paz de San Francisco de As\u00eds.  \u00abCreo en la fuerza de la oraci\u00f3n porque la he visto en acci\u00f3n muchas veces, como el 8 de junio de 2014, cuando el Papa Francisco quiso que se realizara ese extraordinario momento que fue \u201cla invocaci\u00f3n por la paz\u201d en Tierra Santa \u2013recuerda Margaret Karram durante una entrevista que le hiciera el diario italiano Avvenire\u2013 (\u2026) Yo tuve el privilegio de leer delante de ellos la oraci\u00f3n por la paz de San Francisco de As\u00eds.\u00a0 Fue una experiencia muy fuerte. Nos podr\u00edamos preguntar: \u2018\u00bfPara qu\u00e9 sirvi\u00f3 esa oraci\u00f3n?\u2019. Fue un punto luminoso al que debemos tender, porque la oraci\u00f3n \u2013como dijo el que era entonces el Custodio de la Tierra Santa\u2013 no es una cosa que produce algo, la oraci\u00f3n genera.\u00a0 Entonces tenemos que seguir generando la paz dentro de nuestro coraz\u00f3n ante todo y con todos los dem\u00e1s\u201d.  A partir de esa fecha hist\u00f3rica, todos los a\u00f1os ese d\u00eda 8 de junio el Foro Internacional Acci\u00f3n Cat\u00f3lica invita a \u201cUn Minuto por la Paz\u201d para implorar juntos, en todo el planeta, que termine el conflicto.\u00a0 \u00a1Nos toca nosotros! \u00a0Involucr\u00e9monos y difundamos esta iniciativa para contar en todo el mundo con un n\u00famero cada vez mayor de MINUTOS POR LA PAZ. <\/p>\n<p style=\"text-align: right;\"><em>Lorenzo Russo<\/em><\/p>\n<p> <em>\u00a0<\/em>Info: <a href=\"http:\/\/www.catholicactionforum.org\/un-minuto-por-la-paz-2021\/?lang=es#loaded\" target=\"_blank\" rel=\"noopener\">International Forum Catholic Action<\/a><\/p>\n","protected":false},"excerpt":{"rendered":"<p>El martes 8 de junio a las 13 (hora local) nos detendremos en todos los husos horarios para rezar por Tierra Santa, Myanmar y por todo el mundo, cada uno seg\u00fan la propia tradici\u00f3n.<\/p>\n","protected":false},"author":33,"featured_media":0,"comment_status":"open","ping_status":"open","sticky":false,"template":"","format":"standard","meta":{"give_campaign_id":0,"_seopress_robots_primary_cat":"","_seopress_titles_title":"","_seopress_titles_desc":"","_seopress_robots_index":"","_et_pb_use_builder":"","_et_pb_old_content":"","_et_gb_content_width":"","footnotes":""},"categories":[46],"tags":[],"class_list":["post-311348","post","type-post","status-publish","format-standard","hentry","category-sin-categorizar"],"_links":{"self":[{"href":"https:\/\/www.focolare.org\/es\/wp-json\/wp\/v2\/posts\/311348","targetHints":{"allow":["GET"]}}],"collection":[{"href":"https:\/\/www.focolare.org\/es\/wp-json\/wp\/v2\/posts"}],"about":[{"href":"https:\/\/www.focolare.org\/es\/wp-json\/wp\/v2\/types\/post"}],"author":[{"embeddable":true,"href":"https:\/\/www.focolare.org\/es\/wp-json\/wp\/v2\/users\/33"}],"replies":[{"embeddable":true,"href":"https:\/\/www.focolare.org\/es\/wp-json\/wp\/v2\/comments?post=311348"}],"version-history":[{"count":0,"href":"https:\/\/www.focolare.org\/es\/wp-json\/wp\/v2\/posts\/311348\/revisions"}],"wp:attachment":[{"href":"https:\/\/www.focolare.org\/es\/wp-json\/wp\/v2\/media?parent=311348"}],"wp:term":[{"taxonomy":"category","embeddable":true,"href":"https:\/\/www.focolare.org\/es\/wp-json\/wp\/v2\/categories?post=311348"},{"taxonomy":"post_tag","embeddable":true,"href":"https:\/\/www.focolare.org\/es\/wp-json\/wp\/v2\/tags?post=311348"}],"curies":[{"name":"wp","href":"https:\/\/api.w.org\/{rel}","templated":true}]}}