{"id":311350,"date":"2021-06-06T01:00:43","date_gmt":"2021-06-05T23:00:43","guid":{"rendered":"https:\/\/www.focolare.org\/volcan-nyiragongo-la-heroica-solidaridad-de-los-ciudadanos-de-goma\/"},"modified":"2024-05-15T20:51:52","modified_gmt":"2024-05-15T18:51:52","slug":"volcan-nyiragongo-la-heroica-solidaridad-de-los-ciudadanos-de-goma","status":"publish","type":"post","link":"https:\/\/www.focolare.org\/es\/volcan-nyiragongo-la-heroica-solidaridad-de-los-ciudadanos-de-goma\/","title":{"rendered":"Volc\u00e1n Nyiragongo: la (heroica) solidaridad de los ciudadanos de Goma"},"content":{"rendered":"<p><em>Hemos contactado a la comunidad de los Focolares de Goma (Rep\u00fablica Democr\u00e1tica del Congo) que, como toda la poblaci\u00f3n, vive en estado de peligro tras la erupci\u00f3n del volc\u00e1n Nyiragongo y los posteriores terremotos.<\/em>  <img alt=\"\" alt=\"\" loading=\"lazy\" decoding=\"async\" class=\" wp-image-242469 alignright\" src=\"https:\/\/www.focolare.org\/wp-content\/uploads\/2021\/06\/WhatsApp-Image-2021-06-03-at-09.44.55-255x340.jpeg\" alt=\"\" width=\"224\" height=\"299\" \/>Hace poco m\u00e1s de una semana explot\u00f3 el volc\u00e1n Nyiragongo ubicado en la Rep\u00fablica Democr\u00e1tica del Congo y definido como uno de los m\u00e1s activos del mundo. Seg\u00fan <em>National Geographics<\/em>, \u201cel monte Nyiragongo rara vez est\u00e1 en calma y es uno de los pocos lugares en el mundo que tiene un verdadero lago de lava en su subsuelo que burbujea hasta la parte superior del cr\u00e1ter\u201d.  A \u00faltima hora de la tarde del s\u00e1bado 22 de mayo, las cosas se intensificaron dr\u00e1sticamente: grandes fracturas se abrieron en los flancos rocosos, arrojando lava en r\u00e1pido movimiento hacia Goma, una metr\u00f3poli de m\u00e1s de 1,5 millones de personas que se encuentra a unos diez kil\u00f3metros del volc\u00e1n.  \u201cEl miedo y la desesperaci\u00f3n se han convertido en compa\u00f1eros de la vida cotidiana &#8211; dice Asu-Oma Tabe Takang, focolarina camerunesa que vive en Goma y a la que hemos contactado &#8211; una pesadilla que, lamentablemente, los habitantes de esta ciudad conocen demasiado bien\u201d.  Ante el riesgo de una nueva erupci\u00f3n, el gobierno provincial ha pedido a los habitantes de 10 barrios de la ciudad que abandonen sus hogares. UNICEF ha advertido que doscientos ochenta mil ni\u00f1os se encuentran entre las cuatrocientas mil personas que se espera sean evacuadas y necesitan protecci\u00f3n o apoyo.  <strong>\u201cLa situaci\u00f3n a\u00fan no es estable<\/strong> &#8211; contin\u00faa Asu-Oma &#8211; <strong>y todav\u00eda se teme una nueva erupci\u00f3n<\/strong>. Vivimos en un barrio definido como \u201csin riesgo\u201d, por lo que estamos m\u00e1s tranquilas. Hay algunas personas que han venido a buscar refugio\u201d.  <strong>\u00bfC\u00f3mo afrontan la situaci\u00f3n?<\/strong> Desde los primeros momentos de esta tragedia nos planteamos el desaf\u00edo: esforzarnos por vivir \u201caqu\u00ed y ahora\u201d. Es decir, ser conscientes y estar atentas a lo que sucede a nuestro alrededor, no dejarnos distraer por la preocupaci\u00f3n y el miedo para poder ayudar a los m\u00e1s necesitados.  <strong>\u00bfC\u00f3mo han vivido esta tragedia?<\/strong> Aun no podemos salir de casa como antes, todav\u00eda hay mucho miedo, aunque el ritmo de la vida se est\u00e1 recuperando lentamente. Pero a trav\u00e9s de los medios de comunicaci\u00f3n hemos estado en contacto con amigos, familiares y todos los miembros de los Focolares de la regi\u00f3n.  Los primeros momentos de esta tragedia fueron duros para todos, est\u00e1bamos nerviosas, en la incertidumbre. En un momento, alguien envi\u00f3 un mensaje en uno de nuestros sitios, recordando la experiencia de Chiara Lubich con sus primeras compa\u00f1eras durante la guerra. \u201cTambi\u00e9n para Chiara <em>eran tiempos de guerra<\/em>, pero hab\u00edan hecho un descubrimiento que les cambi\u00f3 la vida: Dios es amor\u201d. Estos mensajes llegaban como chispas que infundieron valor en las personas, transformando tambi\u00e9n la actitud hacia nuestro sufrimiento, nuestras incomodidades, pero tambi\u00e9n hacia las personas a nuestro alrededor, especialmente las m\u00e1s sufridas. Nuestros celulares estaban llenos de mensajes y experiencias: una verdadera cadena de solidaridad.  <strong><img alt=\"\" alt=\"\" loading=\"lazy\" decoding=\"async\" class=\"size-medium wp-image-242468 alignleft\" src=\"https:\/\/www.focolare.org\/wp-content\/uploads\/2021\/06\/WhatsApp-Image-2021-06-03-at-09.45.25-255x340.jpeg\" alt=\"\" width=\"255\" height=\"340\" \/>\u00bfQu\u00e9 quieres decir?<\/strong> Una cadena de solidaridad est\u00e1 formada por peque\u00f1os actos de atenci\u00f3n, amabilidad, ternura, caridad que pueden ser practicados en cualquier lugar y por cualquier persona: los que han tenido que salir de sus casas, pero tambi\u00e9n los que han podido quedarse. Fue gracias a este apoyo que nuestros corazones, pero tambi\u00e9n nuestros hogares, se convirtieron en lugares de acogida.  Una ma\u00f1ana hab\u00edamos recibido mensajes de unos amigos y conocidos que estaban preocupados por nosotros, aconsej\u00e1ndonos que nos fu\u00e9ramos de la ciudad. Recibimos una llamada de alguien que necesitaba evacuar porque su barrio estaba en alto riesgo. Se estaba preparando para salir, pero ni siquiera sab\u00eda a d\u00f3nde ir. En ese momento reflexion\u00e9: \u201cEstoy a salvo y estoy pensando en irme, mientras esta persona que tiene que salir de su casa y no tiene ad\u00f3nde ir\u201d. Habl\u00e9 con las focolarinas de mi reflexi\u00f3n y decidimos quedarnos en la ciudad para todos los que nos necesitaran. As\u00ed que llamamos a esta persona ofreci\u00e9ndole hospitalidad a ella y a sus hijos en el focolar.  Estos simples gestos de atenci\u00f3n est\u00e1n generando relaciones rec\u00edprocas entre personas, incluso entre desconocidos, haci\u00e9ndonos experimentar paz y serenidad.  En un momento dado ya no hab\u00eda luz ni agua en la ciudad y nuestro conserje, que nos hab\u00eda dicho lo impactado que estaba, porque hab\u00edamos decidido quedarnos, hizo todo lo posible para que tuvi\u00e9ramos un poco de agua. Para ello acudi\u00f3 a un vecino a quien le dijo: \u201cno pueden estar sin agua\u201d y ellos hicieron todo lo posible para que tuvi\u00e9ramos agua en abundancia.  <strong>El desastre tambi\u00e9n afect\u00f3 a 17 pueblos&#8230;<\/strong> S\u00ed, con la p\u00e9rdida de cientos de viviendas, escuelas, centros de salud y hasta un acueducto. Se han confirmado 37 v\u00edctimas, cifra que podr\u00eda aumentar en los pr\u00f3ximos d\u00edas; algunas personas murieron quemadas, otras debido a accidentes de tr\u00e1fico durante la ca\u00f3tica evacuaci\u00f3n.  En todos estos d\u00edas hemos tratado de estar cerca y orar con y por todas las familias que lo han perdido todo o a sus seres queridos, como les sucedi\u00f3 a tres familias de nuestra comunidad de los focolares que perdieron todo bajo la lava.  Nos preguntamos qu\u00e9 pod\u00edamos hacer para aliviar un poco este dolor. Entonces una persona de la comunidad ofreci\u00f3 su terreno donde construir temporalmente una vivienda para cada una de estas familias, que asegure la convivencia de las familias y su intimidad. Asistimos tambi\u00e9n a momentos de gran generosidad. <\/p>\n<p style=\"text-align: right;\"><em>Lily Mugombozi y Ghislane Kahambu<\/em><\/p>\n","protected":false},"excerpt":{"rendered":"<p>Hemos contactado a la comunidad de los Focolares de Goma (Rep\u00fablica Democr\u00e1tica del Congo) que, como toda la poblaci\u00f3n, vive en estado de peligro tras la erupci\u00f3n del volc\u00e1n Nyiragongo y los posteriores terremotos.<\/p>\n","protected":false},"author":33,"featured_media":0,"comment_status":"open","ping_status":"open","sticky":false,"template":"","format":"standard","meta":{"give_campaign_id":0,"_seopress_robots_primary_cat":"","_seopress_titles_title":"","_seopress_titles_desc":"","_seopress_robots_index":"","_et_pb_use_builder":"","_et_pb_old_content":"","_et_gb_content_width":"","footnotes":""},"categories":[46],"tags":[],"class_list":["post-311350","post","type-post","status-publish","format-standard","hentry","category-sin-categorizar"],"_links":{"self":[{"href":"https:\/\/www.focolare.org\/es\/wp-json\/wp\/v2\/posts\/311350","targetHints":{"allow":["GET"]}}],"collection":[{"href":"https:\/\/www.focolare.org\/es\/wp-json\/wp\/v2\/posts"}],"about":[{"href":"https:\/\/www.focolare.org\/es\/wp-json\/wp\/v2\/types\/post"}],"author":[{"embeddable":true,"href":"https:\/\/www.focolare.org\/es\/wp-json\/wp\/v2\/users\/33"}],"replies":[{"embeddable":true,"href":"https:\/\/www.focolare.org\/es\/wp-json\/wp\/v2\/comments?post=311350"}],"version-history":[{"count":0,"href":"https:\/\/www.focolare.org\/es\/wp-json\/wp\/v2\/posts\/311350\/revisions"}],"wp:attachment":[{"href":"https:\/\/www.focolare.org\/es\/wp-json\/wp\/v2\/media?parent=311350"}],"wp:term":[{"taxonomy":"category","embeddable":true,"href":"https:\/\/www.focolare.org\/es\/wp-json\/wp\/v2\/categories?post=311350"},{"taxonomy":"post_tag","embeddable":true,"href":"https:\/\/www.focolare.org\/es\/wp-json\/wp\/v2\/tags?post=311350"}],"curies":[{"name":"wp","href":"https:\/\/api.w.org\/{rel}","templated":true}]}}