{"id":311424,"date":"2021-08-09T01:00:45","date_gmt":"2021-08-08T23:00:45","guid":{"rendered":"https:\/\/www.focolare.org\/chiara-lubich-el-espejo\/"},"modified":"2024-05-15T20:52:04","modified_gmt":"2024-05-15T18:52:04","slug":"chiara-lubich-el-espejo","status":"publish","type":"post","link":"https:\/\/www.focolare.org\/es\/chiara-lubich-el-espejo\/","title":{"rendered":"Chiara Lubich: El espejo"},"content":{"rendered":"<p><strong>\u00a0<\/strong><em>Chiara Lubich nos invita a mirar a Jes\u00fas como a un espejo, como invita Santa Clara en las cartas a algunas de sus hermanas, un espejo que en su humanidad refleja la divinidad. Hoy podemos preguntarnos: nosotros \u00bfsomos de alg\u00fan modo espejo de Jes\u00fas? \u00bfLo somos para los dem\u00e1s?<\/em>  En las cartas a In\u00e9s de Praga*, que forman parte de los escritos que hablan de su exigencia de fidelidad radical al Evangelio, (Santa) Clara invita a las hermanas a mirar a Jes\u00fas como a un espejo: un espejo que en su humanidad refleja la divinidad.  \u201c<em>Pon tus ojos<\/em> \u2013 escribe \u2013 <em>delante del espejo de la eternidad (Jes\u00fas); y transf\u00f3rmate totalmente (\u2026) en la imagen de Su divinidad\u201d <\/em>(FF 2888)  [\u2026] Santa Clara entonces le pide a In\u00e9s que mire al Esposo, pero tambi\u00e9n que lo imite repitiendo las mismas elecciones, los mismos actos, los mismos gestos.  [\u2026] Pero hoy podemos preguntarnos: nosotros \u00bfsomos de alg\u00fan modo espejo de Jes\u00fas? \u00bfLo somos para los dem\u00e1s?  A prop\u00f3sito de esto quisiera recordar un sue\u00f1o que ten\u00edamos en los primeros tiempos.  Dec\u00edamos: <em>\u201cSi por una hip\u00f3tesis absurda todos los Evangelios de la tierra se destruyesen, nosotros quisi\u00e9ramos vivir de tal modo que los\u00a0 dem\u00e1s, considerando nuestra conducta, viendo en nosotros, de alguna manera, a Jes\u00fas, pudieran volver a escribir el Evangelio:<\/em> <em>\u2018Ama a tu pr\u00f3jimo como a ti mismo\u2019 (Mt 19,19), \u2018Den y se les dar\u00e1\u2019 (Lc 6,38), \u2018No juzguen\u2026\u2019 (Mt 7,1), \u2018Amen a sus enemigos\u2026\u2019 (Mt 5,44), \u2018\u00c1mense mutuamente\u2026\u2019 (Cf. Jn 15,12), \u2018Donde dos o tres est\u00e1n reunidos en mi nombre, yo estoy en medio de ellos (Mt 18,20)\u201d.<\/em> <\/p>\n<p style=\"text-align: right;\"><em>Chiara Lubich<\/em><\/p>\n<p> <em>El espejo &#8211; Chiara Lubich, Berna, 11 de agosto de 2002<\/em>  <em>* Religiosa de la Orden de Santa Clara<\/em>  &nbsp;<\/p>\n","protected":false},"excerpt":{"rendered":"<p>Chiara Lubich nos invita a mirar a Jes\u00fas como a un espejo, como invita Santa Clara en las cartas a algunas de sus hermanas, un espejo que en su humanidad refleja la divinidad. Hoy podemos preguntarnos: nosotros \u00bfsomos de alg\u00fan modo espejo de Jes\u00fas? \u00bfLo somos para los dem\u00e1s?<\/p>\n","protected":false},"author":33,"featured_media":0,"comment_status":"open","ping_status":"open","sticky":false,"template":"","format":"standard","meta":{"give_campaign_id":0,"_seopress_robots_primary_cat":"","_seopress_titles_title":"","_seopress_titles_desc":"","_seopress_robots_index":"","_et_pb_use_builder":"","_et_pb_old_content":"","_et_gb_content_width":"","footnotes":""},"categories":[46],"tags":[],"class_list":["post-311424","post","type-post","status-publish","format-standard","hentry","category-sin-categorizar"],"_links":{"self":[{"href":"https:\/\/www.focolare.org\/es\/wp-json\/wp\/v2\/posts\/311424","targetHints":{"allow":["GET"]}}],"collection":[{"href":"https:\/\/www.focolare.org\/es\/wp-json\/wp\/v2\/posts"}],"about":[{"href":"https:\/\/www.focolare.org\/es\/wp-json\/wp\/v2\/types\/post"}],"author":[{"embeddable":true,"href":"https:\/\/www.focolare.org\/es\/wp-json\/wp\/v2\/users\/33"}],"replies":[{"embeddable":true,"href":"https:\/\/www.focolare.org\/es\/wp-json\/wp\/v2\/comments?post=311424"}],"version-history":[{"count":0,"href":"https:\/\/www.focolare.org\/es\/wp-json\/wp\/v2\/posts\/311424\/revisions"}],"wp:attachment":[{"href":"https:\/\/www.focolare.org\/es\/wp-json\/wp\/v2\/media?parent=311424"}],"wp:term":[{"taxonomy":"category","embeddable":true,"href":"https:\/\/www.focolare.org\/es\/wp-json\/wp\/v2\/categories?post=311424"},{"taxonomy":"post_tag","embeddable":true,"href":"https:\/\/www.focolare.org\/es\/wp-json\/wp\/v2\/tags?post=311424"}],"curies":[{"name":"wp","href":"https:\/\/api.w.org\/{rel}","templated":true}]}}