{"id":311466,"date":"2021-09-22T14:40:47","date_gmt":"2021-09-22T12:40:47","guid":{"rendered":"https:\/\/www.focolare.org\/el-coraje-de-la-unidad-entre-las-iglesias-en-un-mundo-dividido\/"},"modified":"2024-05-15T20:52:11","modified_gmt":"2024-05-15T18:52:11","slug":"el-coraje-de-la-unidad-entre-las-iglesias-en-un-mundo-dividido","status":"publish","type":"post","link":"https:\/\/www.focolare.org\/es\/el-coraje-de-la-unidad-entre-las-iglesias-en-un-mundo-dividido\/","title":{"rendered":"El coraje de la unidad entre las Iglesias en un mundo dividido"},"content":{"rendered":"<p><em>Sinodalidad, ecumenismo y paz son los temas que afrontar\u00e1n los 170 obispos de 44 pa\u00edses del mundo y de70 Iglesias y comunidades eclesiales que se reunir\u00e1n del 23 al 25 de septiembre pr\u00f3ximos en Castel Gandolfo (Italia). El Papa Francisco los recibir\u00e1 en audiencia el 25 de septiembre. <\/em>  \u201cAtreverse a ser uno. El coraje de la unidad en un mundo dividido\u201d es el t\u00edtulo del pr\u00f3ximo congreso internacional de Obispos amigos de los Focolares, pertenecientes a distintas Iglesias cristianas. Un t\u00edtulo que expresa bien la urgencia que los obispos sienten en estos tiempos en que la pandemia ha agravado rupturas, violencias y formas de soledad viejas y nuevas en todo el mundo. \u201cA ello hay que agregarle la injusta distribuci\u00f3n de la riqueza y la pobreza, la dram\u00e1tica divergencia entre libertad y opresi\u00f3n, las crecientes amenazas del ambiente natural. Todo ello nos ha impulsado a formular con pasi\u00f3n este llamado: \u2018\u00a1Atr\u00e9vanse a ser uno!\u2019. Lo dirigimos a nosotros mismos y a nuestros hermanos obispos para que lo hagan propio en sus respectivas Iglesias y comunidades\u201d. \u00a0Con estas palabras el Obispo Christian Krause, ex \u2013 Presidente de la Federaci\u00f3n Mundial Luterana, uno de los ideadores de este evento, sintetiza el significado del Congreso.  \u201cEsta cita est\u00e1 promovida por la red mundial de Obispos de distintas Iglesias amigos de los Focolares \u00a0\u2013explica Mons. Brendan Leahy, obispo cat\u00f3lico de Limerick (Irlanda), que es el coordinador\u2013 que se encuentran regularmente desde hace 38 a\u00f1os para profundizar la comuni\u00f3n entre ellos sobre la base de la espiritualidad de la unidad de los Focolares. El objetivo es estar unidos en Cristo y si est\u00e1 la presencia de Jes\u00fas entre nosotros, el viaje hacia la unidad est\u00e1 asegurado\u201d.  El encuentro se llevar\u00e1 cabo con una modalidad mixta: 10 obispos estar\u00e1n f\u00edsicamente presentes en Castel Gandolfo, mientras que otros 170 seguir\u00e1n el congreso <em>online<\/em>, solos o reunidos en peque\u00f1os grupos, en el respeto de las reglas sanitarias. El 25 de septiembre pr\u00f3ximo ser\u00e1n recibidos en audiencia por el Papa Francisco quien, por <em>streaming,<\/em> tambi\u00e9n llegar\u00e1 a todos los participantes conectados en forma remota.  <strong>Intervendr\u00e1n\u00a0 en los trabajos: <\/strong>Margaret Karram, Presidente del Movimiento de los Focolares y Jes\u00fas Mor\u00e1n, Co-Presidente del Movimiento; Nelson Luiz Leite Campos, Obispo em\u00e9rito de la Iglesia Metodista de Brasil; Stefan Tobler, te\u00f3logo de la Iglesia Reformada Suiza, profesor de teolog\u00eda evang\u00e9lica en la Universidad Lucian Blaga de Sibiu (Rumania); Piero Coda, te\u00f3logo cat\u00f3lico, miembro de la Comisi\u00f3n Mixta Internacional para el di\u00e1logo teol\u00f3gico entre la Iglesia Cat\u00f3lica y la Iglesia Ortodoxa, docente en el Instituto Universitario Sophia de Loppiano (Italia).  <strong>El programa<\/strong> prev\u00e9 profundizaciones sobre la espiritualidad de la unidad de Chiara Lubich, testimonios de vida presentados por obispos de distintas Iglesias que tendr\u00e1n como tema la Palabra de Dios, el misterio de Jes\u00fas crucificado, abandonado y resucitado, el carisma de la unidad y su encarnaci\u00f3n en las llagas de la humanidad contempor\u00e1nea. El momento central y sin duda el m\u00e1s caracter\u00edstico de los congresos de Obispos amigos de los Focolares es el \u201cPacto de amor rec\u00edproco\u201d.\u00a0 \u00c9ste consiste en un compromiso solemne a amarse mutuamente teniendo como base la invitaci\u00f3n de Jes\u00fas en el \u201cmandamiento nuevo\u201d (cf. <em>Juan<\/em> 15,17). Los obispos se comprometer\u00e1n, a continuaci\u00f3n, a recibir los dones ofrecidos por la Iglesia del otro y a compartir sus dolores y sus alegr\u00edas, sinti\u00e9ndolos propios para que cada vez m\u00e1s se acerque y sea visible el proceso de unidad entre las Iglesias.  <strong>Obispos amigos de los Focolares: desde la d\u00e9cada de 1980 hasta nuestros d\u00edas.<\/strong> En 1982 Klaus Hemmerle, obispo cat\u00f3lico de Aquisgr\u00e1n (Alemania) empez\u00f3 a promover encuentros de obispos pertenecientes a distintas Iglesias. Ya desde la d\u00e9cada de 1960 numerosos obispos, identific\u00e1ndose con la espiritualidad de los Focolares, se hab\u00edan comprometido a caminar juntos hacia la unidad y a promoverla a todos los niveles. Pero las palabras del entonces Papa Juan Pablo II a un grupo de obispos cat\u00f3licos amigos de los Focolares, con ocasi\u00f3n de una audiencia, representaron un ulterior impulso a la realizaci\u00f3n de encuentros peri\u00f3dicos con obispos de diferentes Iglesias. Hoy estos encuentros se desarrollan peri\u00f3dicamente en lugares s\u00edmbolo para el di\u00e1logo ecum\u00e9nico.\u00a0 Un itinerario no s\u00f3lo espiritual, sino tambi\u00e9n ocasi\u00f3n concreta para los obispos de conocerse y acogerse los unos con los otros ofreci\u00e9ndoles a todos la posibilidad de hacer una experiencia de vida cristiana con las distintas Iglesias. <\/p>\n<p style=\"text-align: right;\"><em>Oficina Comunicaci\u00f3n Focolares <\/em><\/p>\n<p style=\"text-align: right;\"><em>Stefania Tanesini<\/em><\/p>\n","protected":false},"excerpt":{"rendered":"<p>Sinodalidad, ecumenismo y paz son los temas que afrontar\u00e1n los 170 obispos de 44 pa\u00edses del mundo y de70 Iglesias y comunidades eclesiales que se reunir\u00e1n del 23 al 25 de septiembre pr\u00f3ximos en Castel Gandolfo (Italia). El Papa Francisco los recibir\u00e1 en audiencia el 25 de septiembre.<\/p>\n","protected":false},"author":33,"featured_media":0,"comment_status":"open","ping_status":"open","sticky":false,"template":"","format":"standard","meta":{"give_campaign_id":0,"_seopress_robots_primary_cat":"","_seopress_titles_title":"","_seopress_titles_desc":"","_seopress_robots_index":"","_et_pb_use_builder":"","_et_pb_old_content":"","_et_gb_content_width":"","footnotes":""},"categories":[46],"tags":[],"class_list":["post-311466","post","type-post","status-publish","format-standard","hentry","category-sin-categorizar"],"_links":{"self":[{"href":"https:\/\/www.focolare.org\/es\/wp-json\/wp\/v2\/posts\/311466","targetHints":{"allow":["GET"]}}],"collection":[{"href":"https:\/\/www.focolare.org\/es\/wp-json\/wp\/v2\/posts"}],"about":[{"href":"https:\/\/www.focolare.org\/es\/wp-json\/wp\/v2\/types\/post"}],"author":[{"embeddable":true,"href":"https:\/\/www.focolare.org\/es\/wp-json\/wp\/v2\/users\/33"}],"replies":[{"embeddable":true,"href":"https:\/\/www.focolare.org\/es\/wp-json\/wp\/v2\/comments?post=311466"}],"version-history":[{"count":0,"href":"https:\/\/www.focolare.org\/es\/wp-json\/wp\/v2\/posts\/311466\/revisions"}],"wp:attachment":[{"href":"https:\/\/www.focolare.org\/es\/wp-json\/wp\/v2\/media?parent=311466"}],"wp:term":[{"taxonomy":"category","embeddable":true,"href":"https:\/\/www.focolare.org\/es\/wp-json\/wp\/v2\/categories?post=311466"},{"taxonomy":"post_tag","embeddable":true,"href":"https:\/\/www.focolare.org\/es\/wp-json\/wp\/v2\/tags?post=311466"}],"curies":[{"name":"wp","href":"https:\/\/api.w.org\/{rel}","templated":true}]}}