{"id":311476,"date":"2021-09-25T10:41:49","date_gmt":"2021-09-25T08:41:49","guid":{"rendered":"https:\/\/www.focolare.org\/el-papa-francisco-a-los-obispos-de-varias-iglesias-amigos-de-los-focolares-la-unidad-es-el-sueno-de-dios\/"},"modified":"2024-05-15T20:52:12","modified_gmt":"2024-05-15T18:52:12","slug":"el-papa-francisco-a-los-obispos-de-varias-iglesias-amigos-de-los-focolares-la-unidad-es-el-sueno-de-dios","status":"publish","type":"post","link":"https:\/\/www.focolare.org\/es\/el-papa-francisco-a-los-obispos-de-varias-iglesias-amigos-de-los-focolares-la-unidad-es-el-sueno-de-dios\/","title":{"rendered":"El papa Francisco a los obispos de varias Iglesias, amigos de los Focolares:\u00a0La unidad es el \u201csue\u00f1o\u201d de Dios"},"content":{"rendered":"<p><em>Una llamada decisiva a \u201ctener la audacia de ser uno\u201d en la situaci\u00f3n de fragmentaci\u00f3n que el mundo est\u00e1 viviendo; a proseguir el camino de amistad emprendido, as\u00ed el Santo Padre a la delegaci\u00f3n de obispos de diversas Iglesias cristianas.<\/em>  <div id=\"attachment_244538\" style=\"width: 358px\" class=\"wp-caption alignright\"><img alt=\"\" alt=\"\" loading=\"lazy\" decoding=\"async\" aria-describedby=\"caption-attachment-244538\" class=\"wp-image-244538\" src=\"https:\/\/www.focolare.org\/wp-content\/uploads\/2021\/09\/vm250921103622_00058-bassa-510x340.jpg\" alt=\"\" width=\"348\" height=\"232\" \/><p id=\"caption-attachment-244538\" class=\"wp-caption-text\">\u00a9 Vatican Media<\/p><\/div>  \u201cFrente a las \u2018sombras de un mundo cerrado\u2019, donde muchos sue\u00f1os de unidad \u2018se hacen pedazos\u2019 donde falta \u2018un proyecto para todos\u2019 y la globalizaci\u00f3n navega \u2018sin una ruta com\u00fan\u2019 donde el flagelo de la pandemia corre el riesgo de exasperar las desigualdades, el Esp\u00edritu nos llama a \u2018tener la audacia de ser uno\u2019 como evoca el t\u00edtulo de su encuentro. \u201cAtreverse a la unidad\u201d.  <strong>Estas las<\/strong> <a href=\"https:\/\/www.vatican.va\/content\/francesco\/es\/speeches\/2021\/september\/documents\/20210925-vescovi-amicifocolari.html\" target=\"_blank\" rel=\"noopener\"><strong>palabras<\/strong><\/a><strong> del papa Francisco que concluy\u00f3 el congreso \u201cAtreverse a ser Uno. El don de la unidad en un mundo dividido\u201d (23-24 de septiembre) de los obispos amigos de los Focolares pertenecientes a varias Iglesias<\/strong>. Esta ma\u00f1ana los recibi\u00f3 en audiencia en la Sala de los Papas en el Vaticano: estuvieron presentes 10, mientras que 180 de 70 Iglesias siguieron la audiencia \u00a0conectados a trav\u00e9s de la Web.  <strong>Los exhort\u00f3 a vivir la unidad<\/strong>, coraz\u00f3n del Carisma de Chiara Lubich, un carisma: \u201ccrecido atrayendo a hombres y mujeres de toda lengua y naci\u00f3n con la fuerza del amor de Dios que crea unidad sin anular las diversidades, m\u00e1s a\u00fan, valoriz\u00e1ndolas y armoniz\u00e1ndolas\u201d.  <div id=\"attachment_244539\" style=\"width: 358px\" class=\"wp-caption alignright\"><img alt=\"\" alt=\"\" loading=\"lazy\" decoding=\"async\" aria-describedby=\"caption-attachment-244539\" class=\"wp-image-244539\" src=\"https:\/\/www.focolare.org\/wp-content\/uploads\/2021\/09\/VM250921102226_0070-bassa-510x340.jpg\" alt=\"\" width=\"348\" height=\"232\" \/><p id=\"caption-attachment-244539\" class=\"wp-caption-text\">\u00a9 Vatican Media<\/p><\/div>  Luego explic\u00f3 que la unidad que nos ha dado Jesucristo \u201cno es humanismo, no es estar de acuerdo a toda costa. Obedece a un criterio fundamental, que es el respeto a la persona, el respeto al rostro del otro, especialmente del pobre, del peque\u00f1o, del excluido\u201d. Finalmente, es importante la llamada a continuar el camino ecum\u00e9nico emprendido, que debe ser -dice el Papa Francisco-: \u201csiempre abierto, nunca exclusivo\u201d y concluye con una nota de afecto: \u201csigan sonriendo, que es parte de su Carisma\u201d.  <strong>Presentes, junto con la delegaci\u00f3n de los obispos, el Card. Koch, presidente del Pontificio Consejo para la Promoci\u00f3n de la Unidad de los Cristianos, adem\u00e1s \u00a0de Margaret Karram y Jes\u00fas Mor\u00e1n, presidenta y copresidente de los Focolares<\/strong>.  <div id=\"attachment_244540\" style=\"width: 358px\" class=\"wp-caption alignleft\"><img alt=\"\" alt=\"\" loading=\"lazy\" decoding=\"async\" aria-describedby=\"caption-attachment-244540\" class=\"wp-image-244540\" src=\"https:\/\/www.focolare.org\/wp-content\/uploads\/2021\/09\/vm250921104644_00264-bassa-510x340.jpg\" alt=\"\" width=\"348\" height=\"232\" \/><p id=\"caption-attachment-244540\" class=\"wp-caption-text\">\u00a9 Vatican Media<\/p><\/div>  <strong>Mons. Brendan Leahy<\/strong> , Obispo cat\u00f3lico de Limerick (Irlanda), coordinador de los Obispos amigos de los Focolares, present\u00f3 al Papa los dos d\u00edas del congreso, defini\u00e9ndolos \u201cextraordinarios\u201d , mientras que el<strong> Obispo Christian Krause<\/strong> (Alemania), ex presidente de la Federaci\u00f3n Luterana Mundial, present\u00f3 al Santo Padre el compromiso de los obispos de \u201campliar el c\u00edrculo de estos encuentros entre obispos de varias Iglesias\u201d para contribuir a la curaci\u00f3n de las heridas de un mundo dividido, de j\u00f3venes que tienen miedo de afrontar el futuro. Tambi\u00e9n anticip\u00f3 el deseo de llevar encuentros similares al continente africano y otros.  <strong>El Metropolita Chrysostomos<\/strong>, de la Iglesia Ortodoxa de Kyrenia (Chipre), destac\u00f3 con fuerza la experiencia de unidad vivida durante los d\u00edas del congreso: \u201c(&#8230;) nos hemos redescubierto \u2018uno\u2019 como en la primera Iglesia cristiana, con el amor evang\u00e9lico entre nosotros. Hemos compartido experiencias, admitiendo nuestros errores; hemos compartido preocupaciones y juntos hemos querido abrazar a Jes\u00fas en la cruz, \u00a0soluci\u00f3n para todo tipo de desuni\u00f3n; hemos rezado para ir m\u00e1s all\u00e1 de estas divisiones. Queremos contribuir a la difusi\u00f3n de la luz de Cristo, as\u00ed las personas no se ver\u00e1n privadas de esperanza\u201d. <\/p>\n<p style=\"text-align: right;\"><em>Stefania Tanesini<\/em><\/p>\n<p> &nbsp;<\/p>\n","protected":false},"excerpt":{"rendered":"<p>Una llamada decisiva a \u201ctener la audacia de ser uno\u201d en la situaci\u00f3n de fragmentaci\u00f3n que el mundo est\u00e1 viviendo; a proseguir el camino de amistad emprendido, as\u00ed el Santo Padre a la delegaci\u00f3n de obispos de diversas Iglesias cristianas.<\/p>\n","protected":false},"author":34,"featured_media":0,"comment_status":"open","ping_status":"open","sticky":false,"template":"","format":"standard","meta":{"give_campaign_id":0,"_seopress_robots_primary_cat":"","_seopress_titles_title":"","_seopress_titles_desc":"","_seopress_robots_index":"","_et_pb_use_builder":"","_et_pb_old_content":"","_et_gb_content_width":"","footnotes":""},"categories":[46],"tags":[],"class_list":["post-311476","post","type-post","status-publish","format-standard","hentry","category-sin-categorizar"],"_links":{"self":[{"href":"https:\/\/www.focolare.org\/es\/wp-json\/wp\/v2\/posts\/311476","targetHints":{"allow":["GET"]}}],"collection":[{"href":"https:\/\/www.focolare.org\/es\/wp-json\/wp\/v2\/posts"}],"about":[{"href":"https:\/\/www.focolare.org\/es\/wp-json\/wp\/v2\/types\/post"}],"author":[{"embeddable":true,"href":"https:\/\/www.focolare.org\/es\/wp-json\/wp\/v2\/users\/34"}],"replies":[{"embeddable":true,"href":"https:\/\/www.focolare.org\/es\/wp-json\/wp\/v2\/comments?post=311476"}],"version-history":[{"count":0,"href":"https:\/\/www.focolare.org\/es\/wp-json\/wp\/v2\/posts\/311476\/revisions"}],"wp:attachment":[{"href":"https:\/\/www.focolare.org\/es\/wp-json\/wp\/v2\/media?parent=311476"}],"wp:term":[{"taxonomy":"category","embeddable":true,"href":"https:\/\/www.focolare.org\/es\/wp-json\/wp\/v2\/categories?post=311476"},{"taxonomy":"post_tag","embeddable":true,"href":"https:\/\/www.focolare.org\/es\/wp-json\/wp\/v2\/tags?post=311476"}],"curies":[{"name":"wp","href":"https:\/\/api.w.org\/{rel}","templated":true}]}}