{"id":311480,"date":"2021-09-28T01:00:58","date_gmt":"2021-09-27T23:00:58","guid":{"rendered":"https:\/\/www.focolare.org\/mi-libano-la-iniciativa-de-los-jovenes-de-beirut\/"},"modified":"2024-05-15T20:52:14","modified_gmt":"2024-05-15T18:52:14","slug":"mi-libano-la-iniciativa-de-los-jovenes-de-beirut","status":"publish","type":"post","link":"https:\/\/www.focolare.org\/es\/mi-libano-la-iniciativa-de-los-jovenes-de-beirut\/","title":{"rendered":"\u201cMi L\u00edbano\u201d, la iniciativa de los j\u00f3venes de Beirut"},"content":{"rendered":"<p><em>L\u00edbano: un grupo de j\u00f3venes de los Focolares a trav\u00e9s de un mercadillo apoya la iniciativa Lebnenele, que significa \u201cMi L\u00edbano\u201d. Nacida durante las protestas de octubre de 2019, esta iniciativa de j\u00f3venes estudiantes tiene como objetivo ayudar a algunas de las familias m\u00e1s necesitadas.<\/em>  En L\u00edbano, los <em>J\u00f3venes por un Mundo Unido<\/em> del Movimiento de los Focolares decidi\u00f3 apoyar a las familias de compatriotas m\u00e1s necesitadas. Lo hicieron colaborando con una iniciativa llamada <em>Lebnenele <\/em>(mi L\u00edbano), apoyada por estudiantes universitarios y nacida tras las protestas de octubre de 2019. En ese contexto, miles de personas, entre ellas muchos j\u00f3venes, salieron a las calles para manifestarse contra la imposici\u00f3n de nuevos impuestos del gobierno. Se trataba de bienes y servicios como gasolina, tabaco y telefon\u00eda <em>online<\/em>. Las protestas llevaron a la renuncia del primer ministro Saad Hariri, el 29 de octubre de 2019.  Durante una manifestaci\u00f3n, un grupo de j\u00f3venes, que luego fundar\u00eda <em>Lebnenele<\/em>, se dio cuenta de que una persona necesitada estaba distribuyendo pa\u00f1uelos a otros necesitados. De ah\u00ed naci\u00f3 la idea de hacer algo. Joelle Hajjar, una joven que colabor\u00f3 \u200b\u200bde inmediato con el proyecto <em>Lebnenele<\/em>, dice: \u201cEn ese momento empezamos a mirar a nuestro alrededor, a buscar familias necesitadas. Decidimos ayudarlos a trav\u00e9s de donaciones que hab\u00edamos recibido de amigos o a trav\u00e9s de las redes sociales\u201d.  Despu\u00e9s de la explosi\u00f3n en Beirut el 4 de agosto de 2020, hecho que caus\u00f3 da\u00f1os considerables a la poblaci\u00f3n, el grupo de j\u00f3venes decidi\u00f3 llevar adelante la iniciativa <em>Lebnenele<\/em> expresando afecto y cuidado por su pa\u00eds en dificultad. El objetivo era recolectar suficientes bienes para entregar paquetes de comida a 50 familias para Navidad.  Gracias a la solidaridad construida a su alrededor, lograron superar la meta inicial, ayudando a 76 familias. Esto les confirm\u00f3: esta iniciativa no se detendr\u00eda, sino que seguir\u00eda creciendo para poder ayudar a m\u00e1s familias. Y as\u00ed fue: las actividades de recaudaci\u00f3n de fondos para comprar bienes para las familias necesitadas contin\u00faan hoy.  George y Salim, dos j\u00f3venes del grupo <em>J\u00f3venes por un Mundo Unido<\/em>, dicen: \u201cDecidimos ayudar a <em>Labnenele <\/em>creando un mercado de segunda mano en el que vendemos muchos art\u00edculos recogidos de lo que ya no necesitamos y que todav\u00eda est\u00e1 en buen estado. Hab\u00eda bolsos, camisas, vestidos, corbatas, libros, bisuter\u00eda\u2026 todo en excelentes condiciones. Gracias a la venta de estos productos, recaudamos dinero que luego usamos para comprar alimentos de primera necesidad que donamos a <em>Lebnenele<\/em>. De esta forma sabemos que la mercader\u00eda llegar\u00e1 a muchas familias libanesas en dificultad\u201d.  Joelle concluye: \u201cLos j\u00f3venes de los Focolares han sido de gran apoyo en muchas actividades: nos han ayudado donando dinero que hab\u00edan recaudado a trav\u00e9s de su mercado, y ayud\u00e1ndonos a preparar el material para entregar a las familias. Junto a ellos siempre hemos tenido el deseo de difundir el ideal de unidad a estas familias, de crear entre nosotros una solidaridad y una unidad que a\u00fan hoy est\u00e1 presente\u201d. <\/p>\n<p style=\"text-align: right;\"><em>Laura Salerno<\/em><\/p>\n<p> https:\/\/youtu.be\/zXS2fl4ytYU  &nbsp;<\/p>\n","protected":false},"excerpt":{"rendered":"<p>L\u00edbano: un grupo de j\u00f3venes de los Focolares a trav\u00e9s de un mercadillo apoya la iniciativa Lebnenele, que significa \u201cMi L\u00edbano\u201d. Nacida durante las protestas de octubre de 2019, esta iniciativa de j\u00f3venes estudiantes tiene como objetivo ayudar a algunas de las familias m\u00e1s necesitadas.<\/p>\n","protected":false},"author":33,"featured_media":0,"comment_status":"open","ping_status":"open","sticky":false,"template":"","format":"standard","meta":{"give_campaign_id":0,"_seopress_robots_primary_cat":"","_seopress_titles_title":"","_seopress_titles_desc":"","_seopress_robots_index":"","_et_pb_use_builder":"","_et_pb_old_content":"","_et_gb_content_width":"","footnotes":""},"categories":[46],"tags":[],"class_list":["post-311480","post","type-post","status-publish","format-standard","hentry","category-sin-categorizar"],"_links":{"self":[{"href":"https:\/\/www.focolare.org\/es\/wp-json\/wp\/v2\/posts\/311480","targetHints":{"allow":["GET"]}}],"collection":[{"href":"https:\/\/www.focolare.org\/es\/wp-json\/wp\/v2\/posts"}],"about":[{"href":"https:\/\/www.focolare.org\/es\/wp-json\/wp\/v2\/types\/post"}],"author":[{"embeddable":true,"href":"https:\/\/www.focolare.org\/es\/wp-json\/wp\/v2\/users\/33"}],"replies":[{"embeddable":true,"href":"https:\/\/www.focolare.org\/es\/wp-json\/wp\/v2\/comments?post=311480"}],"version-history":[{"count":0,"href":"https:\/\/www.focolare.org\/es\/wp-json\/wp\/v2\/posts\/311480\/revisions"}],"wp:attachment":[{"href":"https:\/\/www.focolare.org\/es\/wp-json\/wp\/v2\/media?parent=311480"}],"wp:term":[{"taxonomy":"category","embeddable":true,"href":"https:\/\/www.focolare.org\/es\/wp-json\/wp\/v2\/categories?post=311480"},{"taxonomy":"post_tag","embeddable":true,"href":"https:\/\/www.focolare.org\/es\/wp-json\/wp\/v2\/tags?post=311480"}],"curies":[{"name":"wp","href":"https:\/\/api.w.org\/{rel}","templated":true}]}}