{"id":311514,"date":"2021-10-28T06:20:08","date_gmt":"2021-10-28T04:20:08","guid":{"rendered":"https:\/\/www.focolare.org\/feliz-cumpleanos-chiara-luce-badano\/"},"modified":"2024-05-15T20:52:19","modified_gmt":"2024-05-15T18:52:19","slug":"feliz-cumpleanos-chiara-luce-badano","status":"publish","type":"post","link":"https:\/\/www.focolare.org\/es\/feliz-cumpleanos-chiara-luce-badano\/","title":{"rendered":"Feliz cumplea\u00f1os, Chiara Luce Badano"},"content":{"rendered":"<p><em>El 29 de octubre de 1971 nac\u00eda la Beata Chiara Luce Badano.\u00a0 Varios eventos en todo el mundo la recordar\u00e1n. En Sassello \u00a0(Italia), su pueblo de origen, la Santa Misa, el Timeout y la proyecci\u00f3n de un video in\u00e9dito con una entrevista a sus padres, realizado por la Fundaci\u00f3n Chiara Badano.<\/em>  La Beata Chiara Luce Badano hoy cumplir\u00eda 50 a\u00f1os.  Nac\u00eda 50 a\u00f1os atr\u00e1s, el 29 de octubre de 1971, y hoy es un ejemplo de vida para miles de j\u00f3venes.  Chiara vivi\u00f3 poco menos de 19 a\u00f1os y \u201cLuce\u201d es el nombre que Chiara Lubich le propuso a\u00f1adi\u00e9ndolo al suyo y dese\u00e1ndole que fuera portadora de la luz del amor de Dios. <a href=\"https:\/\/www.focolare.org\/wp-content\/uploads\/2021\/10\/locandina-es-chiara-luce.jpg\" target=\"_blank\" rel=\"noopener\"><img alt=\"\" alt=\"\" loading=\"lazy\" decoding=\"async\" class=\"alignright wp-image-245244 size-large\" src=\"https:\/\/www.focolare.org\/wp-content\/uploads\/2021\/10\/locandina-es-chiara-luce-238x340.jpg\" alt=\"\" width=\"238\" height=\"340\" \/><\/a>  Siendo adolescente conoci\u00f3 el Ideal de la unidad y lleg\u00f3 a ser una Gen, la generaci\u00f3n de j\u00f3venes y chicos del Movimiento de los Focolares.\u00a0 Siempre atenta al pr\u00f3jimo, vivi\u00f3 su juventud como una chica normal y tal vez no imagin\u00f3 nunca que iba a lidiar con la enfermedad cuando s\u00f3lo tan\u00eda 17 a\u00f1os: una enfermedad grave.  Si hoy Chiara Luce viviese, \u00bfc\u00f3mo ser\u00eda y en qu\u00e9 estar\u00eda comprometida su vida?\u00a0 Una pregunta que muchos nos planteamos, justamente porque sentimos a Chiara Luce cercana, como una de nosotros, hoy como ayer.  Se lo hemos preguntado a tres de sus amigos m\u00e1s \u00edntimos, <strong>Chicca y Franz Coriasco y Cristina Cuneo<\/strong>, de la <a href=\"http:\/\/www.chiarabadano.org\/fundacion\/?lang=es\" target=\"_blank\" rel=\"noopener\">Fundaci\u00f3n Chiara Badano<\/a>.  \u201cPor lo que hemos vivido con ella, podemos imaginar que ser\u00eda una chica completamente normal \u2013afirma Chicca\u2013, pero consciente de que viviendo el Evangelio y el ideal de Chiara Lubich, se pueden hacer grandes cosas\u201d.  \u00bfQu\u00e9 anhelos tendr\u00eda? \u00a0\u201cCreemos que son los j\u00f3venes los que podr\u00edan responder a esta pregunta \u2013interviene diciendo Cristina\u2013. De hecho, uno de los \u00faltimos mensajes de Chiara Badano, que fue como su testamento, era el de \u201centregar\u201d a los j\u00f3venes la antorcha, \u201ccomo en las Olimp\u00edadas\u201d. Y as\u00ed lo han entendido muchos j\u00f3venes, con su compromiso concreto para reducir las desigualdades y las injusticias sociales, por el cuidado del ambiente, por la tutela del bien com\u00fan, en las situaciones m\u00e1s dolorosas propias de cada contexto. Mucho m\u00e1s a\u00fan en este per\u00edodo de emergencias pand\u00e9micas. En s\u00edntesis, sanar las heridas abiertas como ella trat\u00f3 de hacer durante toda su vida:\u00a0 en su medida, pero siempre con una gran concreci\u00f3n\u201d.  Y Franz agrega: \u201cElla escrib\u00eda una vez: \u2018A menudo el hombre no vive su vida porque se encuentra sumergido en tiempos que no existen: o en el recuerdo o en la a\u00f1oranza del pasado, o proyectado hacia el futuro. En realidad, el \u00fanico tiempo que el hombre posee es el momento presente, que debe vivirse completamente, aprovech\u00e1ndolo en plenitud&#8230;\u00a0 De esa forma, tomar\u00edamos conciencia del valor de nuestra vida, un regalo precioso que no puede y no debe ser desperdiciado ni destruido por ego\u00edsmos est\u00e9riles e in\u00fatiles ambiciones\u201d.\u00a0 Una cita cotidiana con ella y con todos en el mundo era el <em>Timeout<\/em>: todos los d\u00edas, a las 12 del mediod\u00eda nos deten\u00edamos para pedir por la paz.\u00a0 Era una urgencia fundamental para ella y pensamos que lo sigue siendo para todos nosotros hoy tambi\u00e9n\u201d.  La Iglesia la beatific\u00f3 el 25 de septiembre de 2010 tras haber reconocido el milagro de la curaci\u00f3n improvisa de un chico de \u00a0Trieste (Italia).  Del \u00a028 al 30 octubre en varias partes del mundo habr\u00e1 eventos para recordarla.  El primero ser\u00e1 el \u00a028 de octubre a las 20 horas (<em>Easter time<\/em> de Estados Unidos y C\u00e1nada). El evento est\u00e1 organizado por <em>New City Press<\/em>, <em>Living City<\/em> y la <em>YCNA <\/em>(<em>Youth Center for North America<\/em>), con n\u00fameros art\u00edsticos y momentos interactivos con personas impactadas por el testimonio de vida de Chiara Luce. En el programa habr\u00e1 un mensaje de una testigo directa que conoci\u00f3 a Chiara. Ser\u00e1 tambi\u00e9n una ocasi\u00f3n para presentar dos nuevos libros sobre Chiara en ingl\u00e9s: <em>\u201c<\/em><a href=\"https:\/\/www.newcitypress.com\/blessed-chiara-badano.html\" target=\"_blank\" rel=\"noopener\"><em>Blessed Chiara Badano. Her Secrets to Happiness<\/em><\/a>\u201d (https:\/\/www.newcitypress.com\/blessed-chiara-badano.html), particularmente dirigido a los chicos, con texto de Geraldine Guadagno e ilustraciones de Loretta Rauschuber, y \u00ab<a href=\"https:\/\/www.newcitypress.com\/in-my-staying-is-your-going.html\" target=\"_blank\" rel=\"noopener\"><em>In my staying is your going. The Life and Thoughts of Chiara Luce Badano<\/em><\/a>\u201d (https:\/\/www.newcitypress.com\/in-my-staying-is-your-going.html), elaborado por la Fundaci\u00f3n Chiara Badano.  En Sassello, su ciudad natal, el 29 de octubre se celebrar\u00e1 una Santa Misa a las 18 horas de Italia, que podr\u00e1 seguirse en directo por streaming en la p\u00e1gina <a href=\"http:\/\/www.chiarabadano.org\/?lang=es\" target=\"_blank\" rel=\"noopener\"><em>www.chiarabadano.org<\/em><\/a>. A continuaci\u00f3n se proyectar\u00e1 el video \u201cChiara Badano: una vida de luz\u201d (dirigido por Marco Aleotti) con entrevistas in\u00e9ditas a sus padres, que cuentan de ella y de la vida de la familia. El video estar\u00e1 disponible en los d\u00edas siguientes siempre en la p\u00e1gina dedicada a ella.  El s\u00e1bado 30 de octubre, su fiesta lit\u00fargica, a las 12 (hora italiana) directamente desde el cementerio de Sassello, alrededor de Chiara Luce y siempre por streaming en <a href=\"http:\/\/www.chiarabadano.org\/?lang=es\" target=\"_blank\" rel=\"noopener\">www.chiarabadano.org<\/a> se har\u00e1 el <em>Timeout<\/em>: un minuto de silencio para pedir por la paz en todo el mundo.\u00a0 A las 15 horas se celebrar\u00e1 la Santa Misa en la parroquia de la Sant\u00edsima Trinidad de Sassello celebrada por el obispo Mons. Luigi Testore con la participaci\u00f3n del postulador, el Padre Gianni Califano. Concluyendo, se har\u00e1 la premiaci\u00f3n de los ganadores del Premio Chiara Luce Badano 2021. <\/p>\n<p style=\"text-align: right;\"><em>Lorenzo Russo<\/em><\/p>\n","protected":false},"excerpt":{"rendered":"<p>El 29 de octubre de 1971 nac\u00eda la Beata Chiara Luce Badano.\u00a0 Varios eventos en todo el mundo la recordar\u00e1n. En Sassello \u00a0(Italia), su pueblo de origen, la Santa Misa, el Timeout y la proyecci\u00f3n de un video in\u00e9dito con una entrevista a sus padres, realizado por la Fundaci\u00f3n Chiara Badano.<\/p>\n","protected":false},"author":33,"featured_media":0,"comment_status":"open","ping_status":"open","sticky":false,"template":"","format":"standard","meta":{"give_campaign_id":0,"_seopress_robots_primary_cat":"","_seopress_titles_title":"","_seopress_titles_desc":"","_seopress_robots_index":"","_et_pb_use_builder":"","_et_pb_old_content":"","_et_gb_content_width":"","footnotes":""},"categories":[46],"tags":[],"class_list":["post-311514","post","type-post","status-publish","format-standard","hentry","category-sin-categorizar"],"_links":{"self":[{"href":"https:\/\/www.focolare.org\/es\/wp-json\/wp\/v2\/posts\/311514","targetHints":{"allow":["GET"]}}],"collection":[{"href":"https:\/\/www.focolare.org\/es\/wp-json\/wp\/v2\/posts"}],"about":[{"href":"https:\/\/www.focolare.org\/es\/wp-json\/wp\/v2\/types\/post"}],"author":[{"embeddable":true,"href":"https:\/\/www.focolare.org\/es\/wp-json\/wp\/v2\/users\/33"}],"replies":[{"embeddable":true,"href":"https:\/\/www.focolare.org\/es\/wp-json\/wp\/v2\/comments?post=311514"}],"version-history":[{"count":0,"href":"https:\/\/www.focolare.org\/es\/wp-json\/wp\/v2\/posts\/311514\/revisions"}],"wp:attachment":[{"href":"https:\/\/www.focolare.org\/es\/wp-json\/wp\/v2\/media?parent=311514"}],"wp:term":[{"taxonomy":"category","embeddable":true,"href":"https:\/\/www.focolare.org\/es\/wp-json\/wp\/v2\/categories?post=311514"},{"taxonomy":"post_tag","embeddable":true,"href":"https:\/\/www.focolare.org\/es\/wp-json\/wp\/v2\/tags?post=311514"}],"curies":[{"name":"wp","href":"https:\/\/api.w.org\/{rel}","templated":true}]}}