{"id":311520,"date":"2021-11-04T03:00:36","date_gmt":"2021-11-04T02:00:36","guid":{"rendered":"https:\/\/www.focolare.org\/la-alquimia-de-sophia\/"},"modified":"2024-05-15T20:52:21","modified_gmt":"2024-05-15T18:52:21","slug":"la-alquimia-de-sophia","status":"publish","type":"post","link":"https:\/\/www.focolare.org\/es\/la-alquimia-de-sophia\/","title":{"rendered":"La alquimia de Sophia"},"content":{"rendered":"<p><em>Ha sido inaugurado en la ciudadela de los Focolares de <a href=\"https:\/\/www.loppiano.it\/en\/\" target=\"_blank\" rel=\"noopener\">Loppiano<\/a> (Italia) el nuevo A\u00f1o acad\u00e9mico del Instituto Universitario. El centro del debate fue la ecolog\u00eda integral y sus implicancias para la universidad. <\/em>  El Instituto Universitario <a href=\"https:\/\/www.sophiauniversity.org\/en\/\" target=\"_blank\" rel=\"noopener\">Sophia<\/a> tiene una ambici\u00f3n: proponer en el sistema pedag\u00f3gico universitario el modelo usado por los fil\u00f3sofos griegos antes de Cristo, como el Gimnasio o el Liceo, en donde la convivencia entre docentes y alumnos era el resorte educativo fundamental, pero introduciendo all\u00ed los valores cristianos de la persona y de la comuni\u00f3n. \u00a0No es una empresa menor, en un lugar de investigaci\u00f3n y de \u201cecolog\u00eda integral\u201d. Dice Federico Rovea, un ex-estudiante de Sophia, actualmente docente: \u201cSophia quiere decir hacer universidad, buscar la verdad en un clima de amistad\u201d. \u00a0Todo ello ha sido experimentado el 29 de octubre de 2021, en Loppiano \u00a0(Italia), en el Instituto Universitario Sophia, durante la <a href=\"https:\/\/www.sophiauniversity.org\/it\/#direttastreaming\" target=\"_blank\" rel=\"noopener\">ceremonia de inauguraci\u00f3n<\/a> del a\u00f1o acad\u00e9mico 2021-2022. El tema ha sido: \u201c\u00bfQu\u00e9 implicancias tiene para la universidad esta \u00e9poca de la ecolog\u00eda integral?\u201d.  <img alt=\"\" alt=\"\" loading=\"lazy\" decoding=\"async\" class=\" wp-image-245356 alignright\" src=\"https:\/\/www.focolare.org\/wp-content\/uploads\/2021\/11\/image00003-453x340.jpeg\" alt=\"\" width=\"310\" height=\"233\" \/>La Presidente de los Focolares, Margaret Karram, que es vice-Gran Canciller del Instituto remarc\u00f3 en su discurso que \u201clos objetivos que Sophia se propone son altos y emocionantes, demandan de todos que den lo mejor de s\u00ed en una continua apertura al di\u00e1logo y a la escucha, un lugar en el que el compromiso intelectual siempre est\u00e1 en b\u00fasqueda de nuevos caminos para responder a las exigencias culturales de nuestro tiempo\u201d.\u00a0 Llenas de significado tambi\u00e9n las palabras del nuevo rector, Giuseppe Argiolas, que volvi\u00f3 a recorrer el gran desaf\u00edo relacionado con la pandemia: \u201cHemos realizado lo que en el pasado hab\u00edamos imaginado hacer en varios a\u00f1os:\u00a0 1) completar por internet el a\u00f1o acad\u00e9mico 2019\/20; 2) crear las condiciones para una oferta de nivel, con una plataforma profesional; 3) ofrecer un diploma espec\u00edfico para quienes quieran estudiar en Sophia pero no tienen la posibilidad de venir a \u00a0Loppiano. Se trata de <em>Sophia Web Academy<\/em>: Cultura de la unidad y Liderazgo dial\u00f3gico\u201d.  <img alt=\"\" alt=\"\" loading=\"lazy\" decoding=\"async\" class=\"wp-image-245357 alignleft\" src=\"https:\/\/www.focolare.org\/wp-content\/uploads\/2021\/11\/image00019-453x340.jpeg\" alt=\"\" width=\"273\" height=\"205\" \/>En un apreciado discurso, Valeria Garr\u00e9, en representaci\u00f3n de los estudiantes, puso el acento en tres palabras: camino, compromiso y apertura: \u201cSophia es mi casa cuando me doy cuenta de que la ecolog\u00eda es realmente integral \u00a0cuando lo es incluso en situaciones no f\u00e1ciles, en las relaciones, en el cuidado de los espacios, siendo fieles en llevar adelante una tarea\u201d.\u00a0 Al final, el Cardenal \u00a0Giuseppe Betori, Arzobispo de Florencia y Gran Canciller de Sophia, se concentr\u00f3 en el encuentro \u2013que est\u00e1 previsto en Florencia para el pr\u00f3ximo mes de febrero\u2013 de algunos obispos e intendentes de pa\u00edses del Mediterr\u00e1neo.\u00a0 \u201cNuestras Iglesias sienten la necesidad de redescubrir la propia identidad, a partir de una com\u00fan pertenencia mediterr\u00e1nea. \u00a0Partiendo de ella cada una de las Iglesias locales y cada uno de los gobiernos puede ponerse en esa actitud de escucha y de acogida del grito de la humanidad, sin tener miedo de reconocer en ese grito de naturaleza pol\u00edtica, religiosa, social, cultural, econ\u00f3mica, sanitaria, alimenticia, h\u00eddrica y ecol\u00f3gica, el grito de Cristo, su\u00a0 \u2018\u00bfpor qu\u00e9?\u2019\u201d.  Por consiguiente, el tema central de la ceremonia fue la ecolog\u00eda integral. El Profesor Sergio Rondinara quiso hacer propio el reto ecol\u00f3gico relacion\u00e1ndolo con un m\u00e1s profundo e invasivo reto antropol\u00f3gico: \u201cSi en un pasado reciente la relaci\u00f3n entre persona humana y naturaleza fue una relaci\u00f3n equilibrada y a menudo de colaboraci\u00f3n (pensemos s\u00f3lo en la sociedad agr\u00edcola y campesina) hoy \u00e9sta ha asumido una configuraci\u00f3n cr\u00edtica a la que generalmente damos el nombre de crisis ambiental\u201d.\u00a0 Y explic\u00f3 c\u00f3mo se puede salir de una crisis tal, trabajando a cuatro niveles: \u201cNivel antropol\u00f3gico cultural, nivel del pensamiento, nivel \u00e9tico y nivel religioso, o sea otros tantos senderos de un recorrido educativo personal y social\u201d. En el debate, el Profesor Mario Taccolini, de la Universidad Cat\u00f3lica de Mil\u00e1n, hizo hincapi\u00e9 en la experiencia hecha por su universidad para poner en el centro del inter\u00e9s la necesidad de una ecolog\u00eda integral, mientras que la Profesora Stefania Papa, de la Universidad Vanvitelli (N\u00e1poles), destac\u00f3 la necesidad de programas universitarios que est\u00e9n animados por una cultura vital.  Nos queda una convicci\u00f3n: la ecolog\u00eda integral no es un objetivo s\u00f3lo cient\u00edfico o pol\u00edtico, sino que es un modo de \u201cestar en el mundo\u201d. <\/p>\n<p style=\"text-align: right;\"><em>Michele Zanzucchi<\/em><\/p>\n","protected":false},"excerpt":{"rendered":"<p>Ha sido inaugurado en la ciudadela de los Focolares de Loppiano (italia) el nuevo A\u00f1o acad\u00e9mico del Instituto Universitario. El centro del debate fue la ecolog\u00eda integral y sus implicancias para la universidad.<\/p>\n","protected":false},"author":33,"featured_media":0,"comment_status":"open","ping_status":"open","sticky":false,"template":"","format":"standard","meta":{"give_campaign_id":0,"_seopress_robots_primary_cat":"","_seopress_titles_title":"","_seopress_titles_desc":"","_seopress_robots_index":"","_et_pb_use_builder":"","_et_pb_old_content":"","_et_gb_content_width":"","footnotes":""},"categories":[46],"tags":[],"class_list":["post-311520","post","type-post","status-publish","format-standard","hentry","category-sin-categorizar"],"_links":{"self":[{"href":"https:\/\/www.focolare.org\/es\/wp-json\/wp\/v2\/posts\/311520","targetHints":{"allow":["GET"]}}],"collection":[{"href":"https:\/\/www.focolare.org\/es\/wp-json\/wp\/v2\/posts"}],"about":[{"href":"https:\/\/www.focolare.org\/es\/wp-json\/wp\/v2\/types\/post"}],"author":[{"embeddable":true,"href":"https:\/\/www.focolare.org\/es\/wp-json\/wp\/v2\/users\/33"}],"replies":[{"embeddable":true,"href":"https:\/\/www.focolare.org\/es\/wp-json\/wp\/v2\/comments?post=311520"}],"version-history":[{"count":0,"href":"https:\/\/www.focolare.org\/es\/wp-json\/wp\/v2\/posts\/311520\/revisions"}],"wp:attachment":[{"href":"https:\/\/www.focolare.org\/es\/wp-json\/wp\/v2\/media?parent=311520"}],"wp:term":[{"taxonomy":"category","embeddable":true,"href":"https:\/\/www.focolare.org\/es\/wp-json\/wp\/v2\/categories?post=311520"},{"taxonomy":"post_tag","embeddable":true,"href":"https:\/\/www.focolare.org\/es\/wp-json\/wp\/v2\/tags?post=311520"}],"curies":[{"name":"wp","href":"https:\/\/api.w.org\/{rel}","templated":true}]}}