{"id":311526,"date":"2021-11-07T03:00:13","date_gmt":"2021-11-07T02:00:13","guid":{"rendered":"https:\/\/www.focolare.org\/nueva-comision-para-la-proteccion-de-ninos-ninas-y-adolescentes-y-adultos-vulnerables-co-be-tu\/"},"modified":"2024-05-15T20:52:21","modified_gmt":"2024-05-15T18:52:21","slug":"nueva-comision-para-la-proteccion-de-ninos-ninas-y-adolescentes-y-adultos-vulnerables-co-be-tu","status":"publish","type":"post","link":"https:\/\/www.focolare.org\/es\/nueva-comision-para-la-proteccion-de-ninos-ninas-y-adolescentes-y-adultos-vulnerables-co-be-tu\/","title":{"rendered":"Nueva comisi\u00f3n para la protecci\u00f3n de ni\u00f1os, ni\u00f1as y adolescentes y adultos vulnerables (CO.BE.TU.)"},"content":{"rendered":"<p><em>Son 15 profesionales en distintos campos del derecho, la formaci\u00f3n y la psicolog\u00eda, provenientes de distintas \u00e1reas geogr\u00e1ficas y culturales. Una comisi\u00f3n independiente que colabora y vigila tanto para la protecci\u00f3n de los menores como en los casos de abusos de poder dentro de los Focolares.<\/em>  El 17 de septiembre de 2021 fue instituida y su coordinador es el abogado civil y penalista italiano Orazio Moscatello, experto en Derecho de Familia y de los Menores.  La Comisi\u00f3n para el Bienestar y la Protecci\u00f3n de ni\u00f1os, ni\u00f1as y adolescentes y adultos vulnerables (CO.BE.TU.) fue ampliada para ofrecer un servicio cada vez m\u00e1s competente y completo a quienes sufrieron o sufren abusos en el \u00e1mbito del Movimiento de los Focolares y a quienes desean hacer llegar de denuncias al respecto.  Las \u00e1reas de competencia de los <a href=\"https:\/\/www.focolare.org\/wp-content\/uploads\/2021\/11\/Comision-Cobetu.ES_.pdf\"><strong>15 profesion<\/strong><strong>a<\/strong><strong>l<\/strong><strong>es<\/strong><\/a> que la componen son dos: <\/p>\n<ul>\n<li>\u00a0formaci\u00f3n y prevenci\u00f3n<\/li>\n<li>\u00a0gesti\u00f3n de las denuncias de abuso tanto de tipo sexual a menores como de poder<\/li>\n<\/ul>\n<p> \u201cEl tema de los abusos fue una de las prioridades tratadas por la Asamblea General de los Focolares de enero pasado\u201d -explica el abogado Moscatello- \u201caun consciente de todo lo que ya se hizo y se est\u00e1 haciendo en este campo, la Asamblea ha solicitado a todos los miembros del Movimiento un nuevo compromiso en la prevenci\u00f3n de los abusos, come se lee en el documento final\u201d.  En efecto el punto 2 del texto de las conclusiones y los desaf\u00edos de los Focolares para los pr\u00f3ximos 5 a\u00f1os declara que: <em>\u201cNos comprometemos a reforzar todo lo que ya se est\u00e1 realizando para la prevenci\u00f3n de todo abuso f\u00edsico, sexual, de poder y de conciencia. Pedimos perd\u00f3n a todas las v\u00edctimas y les aseguramos nuestro total apoyo, reconociendo, con profundo dolor, todas esas situaciones en las que no hemos estado a la altura de protegerlas. Nos comprometemos a promover a\u00fan m\u00e1s una cultura de prevenci\u00f3n y promoci\u00f3n del bienestar de cada persona, con una formaci\u00f3n adecuada y una comunicaci\u00f3n transparente\u201d.<\/em>  Por lo tanto, como primera consecuencia de esa declaraci\u00f3n, la presidenta de los Focolares Margaret Karram dispuso que la Comisi\u00f3n para la Protecci\u00f3n de ni\u00f1os, ni\u00f1as y adolescentes y la Comisi\u00f3n Independiente de la Tutela de la persona fueran unificadas en una \u00fanica entidad. Adem\u00e1s, para permitir la plena independencia de la comisi\u00f3n de los \u00f3rganos de gobierno, centrales y perif\u00e9ricos, sus componentes, durante los tres a\u00f1os de mandato, no tendr\u00e1n ning\u00fan rol de responsabilidad dentro del Movimiento. <\/p>\n<p style=\"text-align: right;\"><em>Stefania Tanesini<\/em><\/p>\n<p> Para cualquier pedido o denuncia de abuso es posible escribir a: <a href=\"mailto:cobetu@focolare.org\">cobetu@focolare.org<\/a><\/p>\n","protected":false},"excerpt":{"rendered":"<p>Son 15 profesionales en distintos campos del derecho, la formaci\u00f3n y la psicolog\u00eda, provenientes de distintas \u00e1reas geogr\u00e1ficas y culturales. Una comisi\u00f3n independiente que colabora y vigila tanto para la protecci\u00f3n de los menores como en los casos de abusos de poder dentro de los Focolares.<\/p>\n","protected":false},"author":33,"featured_media":0,"comment_status":"open","ping_status":"open","sticky":false,"template":"","format":"standard","meta":{"give_campaign_id":0,"_seopress_robots_primary_cat":"","_seopress_titles_title":"","_seopress_titles_desc":"","_seopress_robots_index":"","_et_pb_use_builder":"","_et_pb_old_content":"","_et_gb_content_width":"","footnotes":""},"categories":[46],"tags":[],"class_list":["post-311526","post","type-post","status-publish","format-standard","hentry","category-sin-categorizar"],"_links":{"self":[{"href":"https:\/\/www.focolare.org\/es\/wp-json\/wp\/v2\/posts\/311526","targetHints":{"allow":["GET"]}}],"collection":[{"href":"https:\/\/www.focolare.org\/es\/wp-json\/wp\/v2\/posts"}],"about":[{"href":"https:\/\/www.focolare.org\/es\/wp-json\/wp\/v2\/types\/post"}],"author":[{"embeddable":true,"href":"https:\/\/www.focolare.org\/es\/wp-json\/wp\/v2\/users\/33"}],"replies":[{"embeddable":true,"href":"https:\/\/www.focolare.org\/es\/wp-json\/wp\/v2\/comments?post=311526"}],"version-history":[{"count":0,"href":"https:\/\/www.focolare.org\/es\/wp-json\/wp\/v2\/posts\/311526\/revisions"}],"wp:attachment":[{"href":"https:\/\/www.focolare.org\/es\/wp-json\/wp\/v2\/media?parent=311526"}],"wp:term":[{"taxonomy":"category","embeddable":true,"href":"https:\/\/www.focolare.org\/es\/wp-json\/wp\/v2\/categories?post=311526"},{"taxonomy":"post_tag","embeddable":true,"href":"https:\/\/www.focolare.org\/es\/wp-json\/wp\/v2\/tags?post=311526"}],"curies":[{"name":"wp","href":"https:\/\/api.w.org\/{rel}","templated":true}]}}