{"id":311534,"date":"2021-11-12T03:00:55","date_gmt":"2021-11-12T02:00:55","guid":{"rendered":"https:\/\/www.focolare.org\/serbia-solucionadores-de-problemas-entre-glasgow-y-serbia\/"},"modified":"2024-05-15T20:52:22","modified_gmt":"2024-05-15T18:52:22","slug":"serbia-solucionadores-de-problemas-entre-glasgow-y-serbia","status":"publish","type":"post","link":"https:\/\/www.focolare.org\/es\/serbia-solucionadores-de-problemas-entre-glasgow-y-serbia\/","title":{"rendered":"Serbia: Solucionadores de problemas entre Glasgow y Serbia"},"content":{"rendered":"<p><em>\u00bfQu\u00e9 tienen en com\u00fan un grupo de jefes de Estado y algunos chicos de Serbia? Todos buscan soluciones a un problema com\u00fan: proteger nuestro planeta que sufre. Mientras los grandes de la Tierra se re\u00fanen en el Reino Unido para la COP26, algunos j\u00f3venes serbios nos cuentan sobre una jornada ecol\u00f3gica que realizaron.<\/em>  <em>\u201c\u00bfEs as\u00ed como debe terminar nuestra historia? La historia de la especie m\u00e1s inteligente condenada por ser demasiado humana para poder ver el paisaje global y querer perseguir objetivos a corto plazo\u201d.<\/em> Con voz grave y potente, David Attenborough, un naturalista y investigador cient\u00edfico de 95 a\u00f1os, pronunci\u00f3 estas palabras frente a los grandes de la Tierra durante la COP26. La \u201cConferencia de las Partes\u201d, organizada por las Naciones Unidas y que comenz\u00f3 el 31 de octubre, est\u00e1 como siempre centrada en el tema del cambio clim\u00e1tico. Este a\u00f1o en particular es percibido por muchos como una gran oportunidad para tomar decisiones importantes sobre el tema de la ecolog\u00eda y la ecolog\u00eda integral. Seg\u00fan muchos expertos, si no actuamos con decisi\u00f3n de inmediato, ser\u00e1 demasiado tarde. Los jefes de Estado reunidos en Glasgow tienen un gran poder de decisi\u00f3n; pero tambi\u00e9n es cierto que es necesario un cambio que vea a todos como protagonistas. Un cambio basado por un lado en la colaboraci\u00f3n entre Estados, por otro en acciones concretas a nivel local. Involucrando a cada uno de nosotros.  Durante esta segunda semana de acuerdos y negociaciones internacionales, hemos decidido hacerles conocer una breve historia, que nos enviaron algunos chicos del Movimiento de los Focolares en Serbia. Durante una jornada ecol\u00f3gica organizada hace unas semanas, estos chicos se pusieron a trabajar para buscar soluciones inteligentes a problemas concretos, respetando la creaci\u00f3n. \u201cSomos los mejores solucionadores de problemas que jam\u00e1s hayan existido en la Tierra, &#8211; continu\u00f3 Attenborough en su discurso en la COP- (&#8230;) y la naturaleza es nuestro principal aliado\u201d. Estos j\u00f3venes tambi\u00e9n han ideado nuevas formas de resolver los problemas que viven, tratando de ser ecol\u00f3gicos, sostenibles y renovables.  Uno de los primeros d\u00edas de trabajo de la COP26, el papa Francisco tuite\u00f3: \u201cNo hay m\u00e1s tiempo para esperar; son demasiados los rostros humanos que sufren esta crisis clim\u00e1tica. Necesitamos actuar con urgencia, valent\u00eda y responsabilidad para prepararnos para un futuro en el que la humanidad sea capaz de cuidarse a s\u00ed misma y a la naturaleza\u00bb. Cada uno de nosotros puede hacer su parte, algunos dentro de una conferencia internacional, otros a trav\u00e9s de un cambio en su rutina diaria. Lo importante es empezar, de inmediato y juntos.  Este es el video de la jornada ecol\u00f3gica organizada por algunos chicos del Movimiento de los Focolares en Serbia. Active los subt\u00edtulos en ingl\u00e9s o italiano: <\/p>\n<p style=\"text-align: right;\"><em>Laura Salerno<\/em><\/p>\n<p> <a href=\"https:\/\/youtu.be\/80_89piGP2c\" target=\"_blank\" rel=\"noopener noreferrer\" aria-label=\"Giornata Ecologica_INT - Subotica Serbia.mp4\"> una jornada ecol\u00f3gica-Serbia<\/a><img \/><\/p>\n","protected":false},"excerpt":{"rendered":"<p>\u00bfQu\u00e9 tienen en com\u00fan un grupo de jefes de Estado y algunos chicos de Serbia? Todos buscan soluciones a un problema com\u00fan: proteger nuestro planeta que sufre. Mientras los grandes de la Tierra se re\u00fanen en el Reino Unido para la COP26, algunos j\u00f3venes serbios nos cuentan sobre una jornada ecol\u00f3gica que realizaron.<\/p>\n","protected":false},"author":33,"featured_media":0,"comment_status":"open","ping_status":"open","sticky":false,"template":"","format":"standard","meta":{"give_campaign_id":0,"_seopress_robots_primary_cat":"","_seopress_titles_title":"","_seopress_titles_desc":"","_seopress_robots_index":"","_et_pb_use_builder":"","_et_pb_old_content":"","_et_gb_content_width":"","footnotes":""},"categories":[46],"tags":[],"class_list":["post-311534","post","type-post","status-publish","format-standard","hentry","category-sin-categorizar"],"_links":{"self":[{"href":"https:\/\/www.focolare.org\/es\/wp-json\/wp\/v2\/posts\/311534","targetHints":{"allow":["GET"]}}],"collection":[{"href":"https:\/\/www.focolare.org\/es\/wp-json\/wp\/v2\/posts"}],"about":[{"href":"https:\/\/www.focolare.org\/es\/wp-json\/wp\/v2\/types\/post"}],"author":[{"embeddable":true,"href":"https:\/\/www.focolare.org\/es\/wp-json\/wp\/v2\/users\/33"}],"replies":[{"embeddable":true,"href":"https:\/\/www.focolare.org\/es\/wp-json\/wp\/v2\/comments?post=311534"}],"version-history":[{"count":0,"href":"https:\/\/www.focolare.org\/es\/wp-json\/wp\/v2\/posts\/311534\/revisions"}],"wp:attachment":[{"href":"https:\/\/www.focolare.org\/es\/wp-json\/wp\/v2\/media?parent=311534"}],"wp:term":[{"taxonomy":"category","embeddable":true,"href":"https:\/\/www.focolare.org\/es\/wp-json\/wp\/v2\/categories?post=311534"},{"taxonomy":"post_tag","embeddable":true,"href":"https:\/\/www.focolare.org\/es\/wp-json\/wp\/v2\/tags?post=311534"}],"curies":[{"name":"wp","href":"https:\/\/api.w.org\/{rel}","templated":true}]}}