{"id":311540,"date":"2021-11-17T03:00:05","date_gmt":"2021-11-17T02:00:05","guid":{"rendered":"https:\/\/www.focolare.org\/evangelio-vivido-bienaventurados-los-que-trabajan-por-la-paz-porque-seran-llamados-hijos-de-dios-mt-5-9\/"},"modified":"2024-05-15T20:52:24","modified_gmt":"2024-05-15T18:52:24","slug":"evangelio-vivido-bienaventurados-los-que-trabajan-por-la-paz-porque-seran-llamados-hijos-de-dios-mt-5-9","status":"publish","type":"post","link":"https:\/\/www.focolare.org\/es\/evangelio-vivido-bienaventurados-los-que-trabajan-por-la-paz-porque-seran-llamados-hijos-de-dios-mt-5-9\/","title":{"rendered":"Evangelio Vivido: \u201cBienaventurados los que trabajan por la paz porque ser\u00e1n llamados hijos de Dios\u201d (Mt 5, 9)"},"content":{"rendered":"<p><em>Como un sitio siempre abierto donde todos est\u00e1n llamados a \u201chacer\u201d. Esta es la paz, no solo la ausencia de guerra o un concepto abstracto. Es algo que debemos construir juntos afrontando todas las dificultades y partiendo por lo peque\u00f1o.<\/em>  <strong>Otro Rob<\/strong> Rob se hab\u00eda ido de casa despu\u00e9s de una discusi\u00f3n que pareci\u00f3 poner fin a nuestro matrimonio. Hab\u00edan pasado dos a\u00f1os desde su partida, sin noticias de \u00e9l salvo alguna informaci\u00f3n dada por sus padres: estaba haciendo las audiciones para una pel\u00edcula y empezaba a incursionar en el mundo del cine. Cuando regres\u00f3 de Italia decepcionado y sin un centavo, parec\u00eda un perro apaleado. Llorando, pidi\u00f3 perd\u00f3n. El hombre que hab\u00eda amado, estimado y elegido como compa\u00f1ero de vida me parec\u00eda ahora un extra\u00f1o, un fracaso. \u00bfA d\u00f3nde estaba su orgullo? \u00bfY la belleza que era su vanagloria? En cuanto a m\u00ed, durante la ausencia de mi esposo me hab\u00eda acercado m\u00e1s a la fe y hab\u00eda comenzado a apoyar mi vida en valores que hab\u00eda descuidado. Cuando regres\u00f3, me pareci\u00f3 que Dios estaba probando mi fe. Sal\u00ed reforzada. Ahora \u00e9l tambi\u00e9n ha encontrado no solo una nueva paz, sino que juntos estamos descubriendo una nueva forma de vida. Solo ahora parece que estoy empezando a conocer a otro Rob. (R. H. &#8211; Suiza)  <strong>Constructores de unidad<\/strong> Durante una reuni\u00f3n de trabajo online, en mi grupo integrado por miembros de diferentes pa\u00edses, luego de las distintas presentaciones, alguien arriesg\u00f3 imprudentemente las definiciones de los dem\u00e1s seg\u00fan el \u201ccolor\u201d pol\u00edtico, con acentos de nacionalismo y fascismo. La tensi\u00f3n que surgi\u00f3 termin\u00f3 degenerando en un escandaloso intercambio de palabras. Como periodista que hab\u00eda viajado mucho y tambi\u00e9n hab\u00eda estudiado la historia de los pa\u00edses en cuesti\u00f3n, mi opini\u00f3n era muy diferente a la de quien, por otro lado, se basaba en rumores y en lo que dec\u00edan los medios. Ese d\u00eda la sesi\u00f3n fue un verdadero fracaso. Al d\u00eda siguiente, prepar\u00e1ndome para otro grupo de trabajo, estaba dispuesto a resaltar en cada participante solo los elementos que construyen y no los que dividen. Las cosas fueron de otra manera, tanto que cuando lleg\u00f3 mi turno de intervenir, todos se sintieron valorados. De ah\u00ed una reflexi\u00f3n: uno puede llegar a ser, aunque s\u00f3lo sea en silencio, c\u00f3mplice de la desintegraci\u00f3n o bien un elemento constructivo y de unidad. La realizaci\u00f3n del sue\u00f1o de Jes\u00fas \u201cque todos sean uno\u201d es costosa. (G.M. &#8211; Hungr\u00eda)  <strong>En el silencio<\/strong> En el hospital ten\u00eda que hacer guardia nocturna con otro m\u00e9dico. Cristiano, pero no practicante, al verme asistir a misa casi todos los d\u00edas, a menudo se burlaba de m\u00ed. Nuestro turno duraba toda la noche, pero \u00e9l me dejaba al final de la tarde y eso significaba mucho m\u00e1s trabajo para m\u00ed. A pesar de esto, trat\u00e9 de mantener una actitud abierta hacia \u00e9l, sin juzgar, durante un mes, dos&#8230; Un d\u00eda expres\u00f3 el deseo de venir a misa conmigo (\u00abEn estos meses, por tu forma de amar en silencio, he aprendido muchas cosas\u00bb). Desde entonces, no solo hace su turno hasta el final, sino que se preocupa que no me canse demasiado durante la noche. (Bashar \u2013 Iraq) <\/p>\n<p style=\"text-align: right;\"><em>Maria Grazia Berretta<\/em><\/p>\n<p> <em>(tomado de Il Vangelo del Giorno, Citt\u00e0 Nuova, a\u00f1o VII, n.4, noviembre-diciembre de 2021)<\/em><\/p>\n","protected":false},"excerpt":{"rendered":"<p>Como un sitio siempre abierto donde todos est\u00e1n llamados a \u201chacer\u201d. Esta es la paz, no solo la ausencia de guerra o un concepto abstracto. Es algo que debemos construir juntos afrontando todas las dificultades y partiendo por lo peque\u00f1o.<\/p>\n","protected":false},"author":33,"featured_media":0,"comment_status":"open","ping_status":"open","sticky":false,"template":"","format":"standard","meta":{"give_campaign_id":0,"_seopress_robots_primary_cat":"","_seopress_titles_title":"","_seopress_titles_desc":"","_seopress_robots_index":"","_et_pb_use_builder":"","_et_pb_old_content":"","_et_gb_content_width":"","footnotes":""},"categories":[46],"tags":[],"class_list":["post-311540","post","type-post","status-publish","format-standard","hentry","category-sin-categorizar"],"_links":{"self":[{"href":"https:\/\/www.focolare.org\/es\/wp-json\/wp\/v2\/posts\/311540","targetHints":{"allow":["GET"]}}],"collection":[{"href":"https:\/\/www.focolare.org\/es\/wp-json\/wp\/v2\/posts"}],"about":[{"href":"https:\/\/www.focolare.org\/es\/wp-json\/wp\/v2\/types\/post"}],"author":[{"embeddable":true,"href":"https:\/\/www.focolare.org\/es\/wp-json\/wp\/v2\/users\/33"}],"replies":[{"embeddable":true,"href":"https:\/\/www.focolare.org\/es\/wp-json\/wp\/v2\/comments?post=311540"}],"version-history":[{"count":0,"href":"https:\/\/www.focolare.org\/es\/wp-json\/wp\/v2\/posts\/311540\/revisions"}],"wp:attachment":[{"href":"https:\/\/www.focolare.org\/es\/wp-json\/wp\/v2\/media?parent=311540"}],"wp:term":[{"taxonomy":"category","embeddable":true,"href":"https:\/\/www.focolare.org\/es\/wp-json\/wp\/v2\/categories?post=311540"},{"taxonomy":"post_tag","embeddable":true,"href":"https:\/\/www.focolare.org\/es\/wp-json\/wp\/v2\/tags?post=311540"}],"curies":[{"name":"wp","href":"https:\/\/api.w.org\/{rel}","templated":true}]}}