{"id":311582,"date":"2021-12-22T07:00:26","date_gmt":"2021-12-22T06:00:26","guid":{"rendered":"https:\/\/www.focolare.org\/escocia-glasgow-grandes-religiones-guardianas-de-la-creacion\/"},"modified":"2024-05-15T20:52:30","modified_gmt":"2024-05-15T18:52:30","slug":"escocia-glasgow-grandes-religiones-guardianas-de-la-creacion","status":"publish","type":"post","link":"https:\/\/www.focolare.org\/es\/escocia-glasgow-grandes-religiones-guardianas-de-la-creacion\/","title":{"rendered":"ESCOCIA | Glasgow: grandes religiones, guardianas de la creaci\u00f3n"},"content":{"rendered":"<p><em>Lorna Gold, presidente del Movimiento Laudato Si&#8217;, y Martin Palmer, fundador y presidente de \u00a0Faith Invest, explican de qu\u00e9 manera las grandes religiones pueden ser una fuerza impulsora de la sociedad civil en lo que se refiere a cambio clim\u00e1tico.<\/em>  Durante la conferencia \u00a0COP26, los l\u00edderes religiosos presentes participaron en varios eventos que fueron ocasiones para conocerse y dialogar.\u00a0 Entre \u00e9stos, un evento que se realiz\u00f3 en la Mezquita y otro que tuvo como anfitri\u00f3n al Movimiento de los Focolares.  Martin Palmer (Inglaterra) ha transcurrido toda su vida laboral comprometi\u00e9ndose con las principales religiones de todo el mundo en lo relativo a cuestiones ambientales. \u00a0Ello empez\u00f3 en 1986, cuando el Pr\u00edncipe Felipe, Duque de Edimburgo \u2013que era presidente internacional de <em>World Wildlife Fund<\/em> (WWF)\u2013 le pidi\u00f3 que reuniera a los representantes de cinco de las principales religiones del mundo para examinar la forma en la que en estos credos \u00a0entend\u00edan su lugar en la naturaleza. Crearon un programa completo para inducir a las religiones a que colaboraran \u00a0con los principales grupos ambientales, la ONU, el Banco Mundial y otros organismos.  Lorna Gold es vicepresidente del Consejo del <em>Global Catholic Climate Movement<\/em> y \u00a0presidente del Movimiento Laudato Si&#8217;. Coordina el trabajo de \u00e9stos respecto de la acci\u00f3n por el clima que realizan las comunidades de fe y llev\u00f3 adelante una acci\u00f3n para que la Iglesia Cat\u00f3lica en Irlanda y a nivel global desinvierta de los combustibles f\u00f3siles.  En nuestras entrevistas, hablamos de muchos temas que se refer\u00edan a la COP26, a la crisis clim\u00e1tica y a la situaci\u00f3n actual\u2026 Naturalmente, no fue posible incluirlo todo en el servicio transmitido por la Conexi\u00f3n.  Por ejemplo, Martin Palmer nos habl\u00f3 del per\u00edodo especial que estamos atravesando; nos dijo: \u201cPienso que estamos en el \u00e1pice de un gran cambio. El gran cambio es que en lugar de esperar a que sean los gobiernos los que den el ejemplo, es la sociedad civil, son los j\u00f3venes y los ancianos quienes lo hacen.\u00a0 Trabajo en ello desde hace 40 a\u00f1os.\u00a0 Pienso en el ascenso de las organizaciones femeninas, que simplemente no estaban en 1997. Pienso en el rol de los ind\u00edgenas, pienso en el rol de las comunidades de fe, del mundo de las ONG y del mundo de la educaci\u00f3n.\u00a0 Veo que ahora estamos en un momento de transformaci\u00f3n. Todav\u00eda sigue habiendo muchas personas que piensan que si protestamos, podemos influir sobre los gobiernos\u2026 Debo decir que yo no lo creo\u00bb.  \u00abLas religiones se est\u00e1n encontrando con el mundo financiero, con el mundo de la educaci\u00f3n y est\u00e1n dici\u00e9ndoles: \u00bfc\u00f3mo podemos crear una colaboraci\u00f3n? All\u00ed donde tenemos el dinero, podemos influir. Tenemos las estructuras. Tenemos los medios para generar un cambio&#8230;\u201d.  Luego tuvimos un intercambio muy interesante con Lorna Gold acerca de lo que ella defini\u00f3 \u201cansiedad de clima\u201d, y dijo: \u00abPienso que es algo que todos afrontaremos, en una medida u otra, porque una vez que aceptas que hay una crisis clim\u00e1tica y que no todo\u00a0 ser\u00e1 tan \u201ccolor de rosa\u201d en el futuro \u2013como habr\u00edamos querido\u2013 la perspectiva de un mundo unido est\u00e1 bastante lejos; si el cambio clim\u00e1tico no puede resolverse&#8230;  \u00ab(&#8230;) Trato de gestionar esta ansiedad. Una manera es transcurrir tiempo con la naturaleza.\u00a0 La naturaleza es una gran sanadora.\u00a0 Estar al aire libre, meditar en la naturaleza y encontrar a\u00a0 Dios en la creaci\u00f3n. Te hace entender que la naturaleza es bastante resiliente.\u00a0 La vemos volver a generarse a nuestro alrededor\u00bb.  \u00abVerdaderamente, creo que este momento que estamos viviendo es una crisis, pero tambi\u00e9n puede ser un \u00a0kair\u00f3s. Un kair\u00f3s, como dice el Papa Francisco, es una oportunidad, un momento oportuno para pensar, para convertirnos, para sufrir en nosotros esa profunda conversi\u00f3n ecol\u00f3gica y empezar a movernos en una direcci\u00f3n distinta.\u00bb  &nbsp;  https:\/\/www.youtube.com\/watch?v=CYuJpSFYyM8  &nbsp;<\/p>\n","protected":false},"excerpt":{"rendered":"<p>Lorna Gold, presidente del Movimiento Laudato Si&#8217;, y Martin Palmer, fundador y presidente de \u00a0Faith Invest, explican de qu\u00e9 manera las grandes religiones pueden ser una fuerza impulsora de la sociedad civil en lo que se refiere a cambio clim\u00e1tico.<\/p>\n","protected":false},"author":33,"featured_media":0,"comment_status":"open","ping_status":"open","sticky":false,"template":"","format":"standard","meta":{"give_campaign_id":0,"_seopress_robots_primary_cat":"","_seopress_titles_title":"","_seopress_titles_desc":"","_seopress_robots_index":"","_et_pb_use_builder":"","_et_pb_old_content":"","_et_gb_content_width":"","footnotes":""},"categories":[46],"tags":[],"class_list":["post-311582","post","type-post","status-publish","format-standard","hentry","category-sin-categorizar"],"_links":{"self":[{"href":"https:\/\/www.focolare.org\/es\/wp-json\/wp\/v2\/posts\/311582","targetHints":{"allow":["GET"]}}],"collection":[{"href":"https:\/\/www.focolare.org\/es\/wp-json\/wp\/v2\/posts"}],"about":[{"href":"https:\/\/www.focolare.org\/es\/wp-json\/wp\/v2\/types\/post"}],"author":[{"embeddable":true,"href":"https:\/\/www.focolare.org\/es\/wp-json\/wp\/v2\/users\/33"}],"replies":[{"embeddable":true,"href":"https:\/\/www.focolare.org\/es\/wp-json\/wp\/v2\/comments?post=311582"}],"version-history":[{"count":0,"href":"https:\/\/www.focolare.org\/es\/wp-json\/wp\/v2\/posts\/311582\/revisions"}],"wp:attachment":[{"href":"https:\/\/www.focolare.org\/es\/wp-json\/wp\/v2\/media?parent=311582"}],"wp:term":[{"taxonomy":"category","embeddable":true,"href":"https:\/\/www.focolare.org\/es\/wp-json\/wp\/v2\/categories?post=311582"},{"taxonomy":"post_tag","embeddable":true,"href":"https:\/\/www.focolare.org\/es\/wp-json\/wp\/v2\/tags?post=311582"}],"curies":[{"name":"wp","href":"https:\/\/api.w.org\/{rel}","templated":true}]}}