{"id":311616,"date":"2022-01-17T03:00:21","date_gmt":"2022-01-17T02:00:21","guid":{"rendered":"https:\/\/www.focolare.org\/chiara-lubich-donde-hay-caridad-y-amor-alli-esta-dios\/"},"modified":"2024-05-15T20:52:35","modified_gmt":"2024-05-15T18:52:35","slug":"chiara-lubich-donde-hay-caridad-y-amor-alli-esta-dios","status":"publish","type":"post","link":"https:\/\/www.focolare.org\/es\/chiara-lubich-donde-hay-caridad-y-amor-alli-esta-dios\/","title":{"rendered":"Chiara Lubich: Donde hay caridad y amor, all\u00ed est\u00e1 Dios"},"content":{"rendered":"<p><em>Comienza en el hemisferio norte la Semana de Oraci\u00f3n por la Unidad de los Cristianos (18-21 de enero de 2022). Los cristianos de Oriente Medio, que han preparado las propuestas para esta semana, dicen: \u201cEl camino nuevo de las Iglesias es el camino de la unidad visible que perseguimos con sacrificio, valent\u00eda y audacia a fin de que, d\u00eda tras d\u00eda, \u00abDios reine realmente en todos\u00bb (1 Cor 15,28)\u00bb. En una entrevista realizada por la TV b\u00e1vara en 1988 en Montet (Suiza), Chiara Lubich habl\u00f3 precisamente de c\u00f3mo avanzar en el camino de la unidad de los cristianos.<\/em>  Si hablamos de unidad entre los cristianos, tenemos que pensar que el primer promotor no fue un cristiano de una o de otra Iglesia. Sabemos que es el Esp\u00edritu Santo el que empuja a los cristianos hacia la unidad. El programa, antes de estar en nosotros, est\u00e1 en Dios. Entonces, somos realmente personas prudentes y sabias si lo seguimos a \u00c9l y lo hacemos escuchando su voz que habla en nuestro interior y nos dice: da este paso, ahora da este otro.  Las Iglesias se han situado en estas dos v\u00edas: construir la unidad en la caridad, el di\u00e1logo de la caridad, t\u00edpico de Aten\u00e1goras y de Pablo VI y, adem\u00e1s, el di\u00e1logo en la verdad entre las Iglesias, o tambi\u00e9n entre grupos de Iglesias. Estar\u00eda muy bien tener como base el ideal de la caridad, porque mediante la caridad se establece la presencia de Cristo en medio de nosotros. Donde est\u00e1 la caridad y el amor all\u00ed est\u00e1 Dios.  Y bien, si \u00c9l est\u00e1 en medio de nosotros, puede sugerir e iluminar tambi\u00e9n a los te\u00f3logos sobre los caminos que llevan a la unidad y a encontrar una \u00fanica verdad, una \u00fanica verdad considerada, quiz\u00e1, desde muchos puntos de vista.  \u00bfQu\u00e9 es lo que hace falta? Continuar en esta l\u00ednea que las Iglesias han tomado, haciendo el di\u00e1logo de la caridad; y sobre este, el di\u00e1logo en la verdad, de la verdad.  Con respecto a la unidad de la humanidad, veo que hay muchos impulsos hacia la unidad y un peque\u00f1o impulso es tambi\u00e9n el nuestro. Lo que pienso es que tienen que derribarse muchas barreras; si caen las barreras muchas cosas se resuelven (\u2026) Si difundimos el cristianismo y lo reavivamos en nuestras Iglesias, si logramos testimoniar mejor a Cristo y difundimos principios cristianos mediante el di\u00e1logo con las otras religiones y con los hombres de buena voluntad, seguramente seremos cada vez m\u00e1s uno; Jes\u00fas vino a la tierra para construir la fraternidad universal. Pero el final lo conoce solo Dios. <\/p>\n<p style=\"text-align: right;\">\u00a0\u00a0\u00a0\u00a0\u00a0\u00a0\u00a0\u00a0\u00a0\u00a0\u00a0\u00a0\u00a0\u00a0\u00a0\u00a0\u00a0\u00a0\u00a0\u00a0\u00a0\u00a0\u00a0\u00a0\u00a0\u00a0\u00a0\u00a0\u00a0\u00a0\u00a0\u00a0\u00a0\u00a0\u00a0\u00a0\u00a0\u00a0\u00a0\u00a0\u00a0\u00a0\u00a0\u00a0\u00a0\u00a0 <em>Chiara Lubich<\/em><\/p>\n<p> <em>\u00a0<\/em>(Chiara Lubich<em>, Una espiritualidad para la unidad de los cristianos, <\/em>Citt\u00e0 Nuova, 2020, p. 122-123)<\/p>\n","protected":false},"excerpt":{"rendered":"<p>Comienza en el hemisferio norte la Semana de Oraci\u00f3n por la Unidad de los Cristianos (18-21 de enero de 2022). Los cristianos de Oriente Medio, que han preparado las propuestas para esta semana, dicen: \u201cEl camino nuevo de las Iglesias es el camino de la unidad visible que perseguimos con sacrificio, valent\u00eda y audacia a fin de que, d\u00eda tras d\u00eda, \u00abDios reine realmente en todos\u00bb (1 Cor 15,18)\u00bb. En una entrevista realizada por la TV b\u00e1vara en 1988 en Montet (Suiza), Chiara Lubich habl\u00f3 precisamente de c\u00f3mo avanzar en el camino de la unidad de los cristianos.<\/p>\n","protected":false},"author":33,"featured_media":0,"comment_status":"open","ping_status":"open","sticky":false,"template":"","format":"standard","meta":{"give_campaign_id":0,"_seopress_robots_primary_cat":"","_seopress_titles_title":"","_seopress_titles_desc":"","_seopress_robots_index":"","_et_pb_use_builder":"","_et_pb_old_content":"","_et_gb_content_width":"","footnotes":""},"categories":[46],"tags":[],"class_list":["post-311616","post","type-post","status-publish","format-standard","hentry","category-sin-categorizar"],"_links":{"self":[{"href":"https:\/\/www.focolare.org\/es\/wp-json\/wp\/v2\/posts\/311616","targetHints":{"allow":["GET"]}}],"collection":[{"href":"https:\/\/www.focolare.org\/es\/wp-json\/wp\/v2\/posts"}],"about":[{"href":"https:\/\/www.focolare.org\/es\/wp-json\/wp\/v2\/types\/post"}],"author":[{"embeddable":true,"href":"https:\/\/www.focolare.org\/es\/wp-json\/wp\/v2\/users\/33"}],"replies":[{"embeddable":true,"href":"https:\/\/www.focolare.org\/es\/wp-json\/wp\/v2\/comments?post=311616"}],"version-history":[{"count":0,"href":"https:\/\/www.focolare.org\/es\/wp-json\/wp\/v2\/posts\/311616\/revisions"}],"wp:attachment":[{"href":"https:\/\/www.focolare.org\/es\/wp-json\/wp\/v2\/media?parent=311616"}],"wp:term":[{"taxonomy":"category","embeddable":true,"href":"https:\/\/www.focolare.org\/es\/wp-json\/wp\/v2\/categories?post=311616"},{"taxonomy":"post_tag","embeddable":true,"href":"https:\/\/www.focolare.org\/es\/wp-json\/wp\/v2\/tags?post=311616"}],"curies":[{"name":"wp","href":"https:\/\/api.w.org\/{rel}","templated":true}]}}