{"id":311634,"date":"2022-02-01T10:20:31","date_gmt":"2022-02-01T09:20:31","guid":{"rendered":"https:\/\/www.focolare.org\/fue-definido-el-procedimiento-de-apoyo-a-las-victimas-de-abusos-del-ex-focolarino-frances-j-m-m\/"},"modified":"2024-05-15T20:52:39","modified_gmt":"2024-05-15T18:52:39","slug":"fue-definido-el-procedimiento-de-apoyo-a-las-victimas-de-abusos-del-ex-focolarino-frances-j-m-m","status":"publish","type":"post","link":"https:\/\/www.focolare.org\/es\/fue-definido-el-procedimiento-de-apoyo-a-las-victimas-de-abusos-del-ex-focolarino-frances-j-m-m\/","title":{"rendered":"Fue definido el procedimiento de apoyo a las v\u00edctimas de abusos del ex focolarino franc\u00e9s J.M.M."},"content":{"rendered":"<p>Para mantener el compromiso con las v\u00edctimas de J.M.M., ex focolarino franc\u00e9s condenado por abusos a menores, el Movimiento de los Focolares ha elaborado un procedimiento de ayuda psicol\u00f3gica que se ofrece a las v\u00edctimas que deseen utilizarlo. Este servicio (v\u00e9ase el anexo) se ofrece como parte de la encuesta independiente realizada por <a href=\"https:\/\/inquiry.gcps.consulting\/\" target=\"_blank\" rel=\"noopener\">GCPS Consulting<\/a>, que escuch\u00f3 las opiniones de algunas v\u00edctimas.\u00a0 Obviamente, esta ayuda es un primer paso hacia los compromisos que el Movimiento quiere asumir para el futuro y tras la publicaci\u00f3n del informe de GCPS Consulting.  En este sentido, el Movimiento de los Focolares ha reconocido que la <a href=\"https:\/\/www.viereligieuse.fr\/Reseau-Simon\" target=\"_blank\" rel=\"noopener\">Red Simon<\/a> es un instrumento adecuado para acoger, escuchar y acompa\u00f1ar a las v\u00edctimas y a las personas afectadas por estos sufrimientos. La Red Simon est\u00e1 formada por psicoterapeutas, psiquiatras y acompa\u00f1antes espirituales dispuestos a ofrecer un itinerario psicol\u00f3gico o psiqui\u00e1trico en las diferentes etapas de la investigaci\u00f3n a quienes lo necesiten o lo soliciten.  El acuerdo entre el Movimiento de los Focolares y la Red Simon pretende que las v\u00edctimas puedan utilizar este servicio lo m\u00e1s cerca posible de su lugar de residencia (la red cubre la mayor parte de Francia).  Tambi\u00e9n es posible, para aquellos que no deseen utilizar esta red de apoyo proporcionada por el Movimiento de los Focolares, recurrir a otros profesionales de su confianza. En cualquier caso, tanto los profesionales de la Red Simon como los de confianza de las v\u00edctimas individuales, acordar\u00e1n todos los aspectos del proceso de acompa\u00f1amiento psicol\u00f3gico o psiqui\u00e1trico con un profesional independiente identificado por el Movimiento de los Focolares en la persona del Dr. Alexis Vancappel, que asumir\u00e1 el papel de coordinador de este aspecto.  El Dr. Vancappel es psic\u00f3logo, especializado en terapia cognitiva conductual y neuropsicolog\u00eda. Trabaja como psic\u00f3logo cl\u00ednico en la Cl\u00ednica Psiqui\u00e1trica Universitaria del CHU de Tours.  &#8211; Es miembro del <strong>Centres experts d\u00e9pression r\u00e9sistante (CEDR), Fondation Fondamentale<\/strong>, Red nacional multidisciplinar, dedicada a la investigaci\u00f3n de la depresi\u00f3n resistente.  &#8211; Miembro del <strong>Laboratorio Inserm, Equipe Imagerie et Cerveau<\/strong> &#8211; Laboratorio m\u00e9dico dedicado al estudio de la neuropsiquiatr\u00eda funcional.  &#8211; Miembro del <strong>Laboratorio Qualipsy<\/strong> &#8211; Laboratorio de Psicolog\u00eda dedicado al estudio de la calidad de vida. <\/p>\n<p style=\"text-align: left;\">Los detalles relativos a otros compromisos asumidos por el Movimiento de los Focolares con las v\u00edctimas, incluida la indemnizaci\u00f3n por da\u00f1os y perjuicios, se acordar\u00e1n despu\u00e9s de que GCPS Consulting publique su informe, previsto en el primer trimestre de 2022.<\/p>\n<p style=\"text-align: right;\"><em>Stefania Tanesini<\/em><\/p>\n<p> Adjunto: <a href=\"https:\/\/www.focolare.org\/wp-content\/uploads\/2022\/02\/Procedimiento-ayuda-victimas_ES.pdf\">Procedimiento de apoyo psicol\u00f3gico a las v\u00edctimas<\/a><\/p>\n","protected":false},"excerpt":{"rendered":"<p>Definido el procedimiento de apoyo a las v\u00edctimas de abusos del ex focolarino franc\u00e9s J.M.M.<\/p>\n","protected":false},"author":33,"featured_media":0,"comment_status":"open","ping_status":"open","sticky":false,"template":"","format":"standard","meta":{"give_campaign_id":0,"_seopress_robots_primary_cat":"","_seopress_titles_title":"","_seopress_titles_desc":"","_seopress_robots_index":"","_et_pb_use_builder":"","_et_pb_old_content":"","_et_gb_content_width":"","footnotes":""},"categories":[905,3307],"tags":[],"class_list":["post-311634","post","type-post","status-publish","format-standard","hentry","category-senza-categoria-2-2","category-tutela-minori-es"],"_links":{"self":[{"href":"https:\/\/www.focolare.org\/es\/wp-json\/wp\/v2\/posts\/311634","targetHints":{"allow":["GET"]}}],"collection":[{"href":"https:\/\/www.focolare.org\/es\/wp-json\/wp\/v2\/posts"}],"about":[{"href":"https:\/\/www.focolare.org\/es\/wp-json\/wp\/v2\/types\/post"}],"author":[{"embeddable":true,"href":"https:\/\/www.focolare.org\/es\/wp-json\/wp\/v2\/users\/33"}],"replies":[{"embeddable":true,"href":"https:\/\/www.focolare.org\/es\/wp-json\/wp\/v2\/comments?post=311634"}],"version-history":[{"count":0,"href":"https:\/\/www.focolare.org\/es\/wp-json\/wp\/v2\/posts\/311634\/revisions"}],"wp:attachment":[{"href":"https:\/\/www.focolare.org\/es\/wp-json\/wp\/v2\/media?parent=311634"}],"wp:term":[{"taxonomy":"category","embeddable":true,"href":"https:\/\/www.focolare.org\/es\/wp-json\/wp\/v2\/categories?post=311634"},{"taxonomy":"post_tag","embeddable":true,"href":"https:\/\/www.focolare.org\/es\/wp-json\/wp\/v2\/tags?post=311634"}],"curies":[{"name":"wp","href":"https:\/\/api.w.org\/{rel}","templated":true}]}}