{"id":311658,"date":"2022-02-21T03:00:55","date_gmt":"2022-02-21T02:00:55","guid":{"rendered":"https:\/\/www.focolare.org\/chiara-lubich-construir-la-civilizacion-del-amor\/"},"modified":"2024-05-15T20:52:43","modified_gmt":"2024-05-15T18:52:43","slug":"chiara-lubich-construir-la-civilizacion-del-amor","status":"publish","type":"post","link":"https:\/\/www.focolare.org\/es\/chiara-lubich-construir-la-civilizacion-del-amor\/","title":{"rendered":"Chiara Lubich: construir la civilizaci\u00f3n del amor"},"content":{"rendered":"<p><em>Las palabras de Chiara Lubich, que nos proponemos meditar hoy, son de extraordinaria actualidad y no nos dejan indiferentes y, sin duda, nos llevan a mirar a nuestro alrededor para actuar en favor de cada hermano.<\/em>  (\u2026)  Jes\u00fas durante su vida en la tierra acogi\u00f3 a todos, particularmente a los marginados, a los m\u00e1s necesitados, a los m\u00e1s alejados. Es el amor con el que Jes\u00fas ofreci\u00f3 a todos su confianza, su lealtad, su amistad, abatiendo una a una las barreras que el orgullo y el ego\u00edsmo humanos hab\u00edan erigido en la sociedad de su tiempo.  Jes\u00fas fue la manifestaci\u00f3n del amor plenamente acogedor del Padre celestial hacia cada uno de nosotros y del amor que, en consecuencia, tendr\u00edamos que tener los unos para con los otros. Esta es la primera voluntad del Padre sobre nosotros; por lo que no podr\u00edamos dar al Padre una gloria mayor de la que le damos cuando intentamos acogernos los unos a los otros como Jes\u00fas nos acogi\u00f3 a nosotros.  (\u2026) Llama la atenci\u00f3n sobre uno de los aspectos m\u00e1s frecuentes de nuestro ego\u00edsmo y, dig\u00e1moslo tambi\u00e9n, m\u00e1s dif\u00edciles de superar: la tendencia a aislarnos, a discriminar, a marginar, a excluir al otro en cuanto que es distinto de nosotros y podr\u00eda perturbar nuestra tranquilidad.  Trataremos de vivir entonces (&#8230;) ante todo, en nuestras familias, asociaciones, comunidades, grupos de trabajo, eliminando en nosotros los juicios, las discriminaciones, las prevenciones, los resentimientos, las intolerancias hacia este o ese pr\u00f3ji\u00admo, tan f\u00e1ciles y tan frecuentes, que tanto enfr\u00edan y comprometen las relaciones humanas e impiden, bloqueando como la herrumbre, el amor mutuo.  Y luego en la vida social en general, proponi\u00e9ndonos dar testimonio del amor acogedor de Jes\u00fas hacia cualquier pr\u00f3jimo que el Se\u00f1or ponga a nuestro lado, en especial a aquellos que el ego\u00edsmo social tiende m\u00e1s f\u00e1cilmente a excluir o a marginar.  Acoger al otro, que es distinto de nosotros, es b\u00e1sico en el amor cristiano. Es el punto de partida, es el primer pelda\u00f1o para la construcci\u00f3n de esa civilizaci\u00f3n del amor, de esa cultura de comuni\u00f3n, a la que Jes\u00fas nos llama sobre todo hoy. <\/p>\n<p style=\"text-align: right;\"><em>Chiara Lubich<\/em><\/p>\n<p> <em>(Chiara Lubich, en Parole di Vita, Citt\u00e0 Nuova, 2017, pag. 512-514)<\/em><\/p>\n","protected":false},"excerpt":{"rendered":"<p>Las palabras de Chiara Lubich, que nos proponemos meditar hoy, son de extraordinaria actualidad y no nos dejan indiferentes y, sin duda, nos llevan a mirar a nuestro alrededor para actuar en favor de cada hermano.<\/p>\n","protected":false},"author":33,"featured_media":0,"comment_status":"open","ping_status":"open","sticky":false,"template":"","format":"standard","meta":{"give_campaign_id":0,"_seopress_robots_primary_cat":"","_seopress_titles_title":"","_seopress_titles_desc":"","_seopress_robots_index":"","_et_pb_use_builder":"","_et_pb_old_content":"","_et_gb_content_width":"","footnotes":""},"categories":[46],"tags":[],"class_list":["post-311658","post","type-post","status-publish","format-standard","hentry","category-sin-categorizar"],"_links":{"self":[{"href":"https:\/\/www.focolare.org\/es\/wp-json\/wp\/v2\/posts\/311658","targetHints":{"allow":["GET"]}}],"collection":[{"href":"https:\/\/www.focolare.org\/es\/wp-json\/wp\/v2\/posts"}],"about":[{"href":"https:\/\/www.focolare.org\/es\/wp-json\/wp\/v2\/types\/post"}],"author":[{"embeddable":true,"href":"https:\/\/www.focolare.org\/es\/wp-json\/wp\/v2\/users\/33"}],"replies":[{"embeddable":true,"href":"https:\/\/www.focolare.org\/es\/wp-json\/wp\/v2\/comments?post=311658"}],"version-history":[{"count":0,"href":"https:\/\/www.focolare.org\/es\/wp-json\/wp\/v2\/posts\/311658\/revisions"}],"wp:attachment":[{"href":"https:\/\/www.focolare.org\/es\/wp-json\/wp\/v2\/media?parent=311658"}],"wp:term":[{"taxonomy":"category","embeddable":true,"href":"https:\/\/www.focolare.org\/es\/wp-json\/wp\/v2\/categories?post=311658"},{"taxonomy":"post_tag","embeddable":true,"href":"https:\/\/www.focolare.org\/es\/wp-json\/wp\/v2\/tags?post=311658"}],"curies":[{"name":"wp","href":"https:\/\/api.w.org\/{rel}","templated":true}]}}