{"id":311666,"date":"2022-02-25T15:13:51","date_gmt":"2022-02-25T14:13:51","guid":{"rendered":"https:\/\/www.focolare.org\/stop-a-la-guerra-en-ucrania-reconstruir-el-espacio-de-dialogo-y-de-las-negociaciones-politicas\/"},"modified":"2024-05-15T20:52:44","modified_gmt":"2024-05-15T18:52:44","slug":"stop-a-la-guerra-en-ucrania-reconstruir-el-espacio-de-dialogo-y-de-las-negociaciones-politicas","status":"publish","type":"post","link":"https:\/\/www.focolare.org\/es\/stop-a-la-guerra-en-ucrania-reconstruir-el-espacio-de-dialogo-y-de-las-negociaciones-politicas\/","title":{"rendered":"Stop a la guerra en Ucrania: reconstruir el espacio de di\u00e1logo y de las negociaciones pol\u00edticas"},"content":{"rendered":"<p align=\"justify\"><em>Frente a los hechos que desde haces unos d\u00edas convulsionan al mundo entero, el <a href=\"http:\/\/www.mppu.org\/it\/\" target=\"_blank\" rel=\"noopener\">Movimiento Politicos por la unidad<\/a>, que inspira su acci\u00f3n en la experiencia y el ideal del Movimiento de los Focolares, afirma el compromiso com\u00fan en favor de la paz a la que se llega solo a trav\u00e9s de una \u00abacci\u00f3n\u00bb concreta.\u00a0<\/em><\/p>\n<p align=\"justify\"><span style=\"color: #222222;\"><span lang=\"es-ES\">\u00abSi quieres la paz, prepara la paz\u00bb. As\u00ed se expresaba Igino Giordani, un pol\u00edtico pacifista del siglo XX. Solo un cotidiano esfuerzo multiforme por la paz puede<\/span><span lang=\"es-ES\"><b> detener la guerra<\/b><\/span><span lang=\"es-ES\"> que la historia ya ha declarado demasiadas veces como<\/span><span lang=\"es-ES\"><b> una opci\u00f3n absurda<\/b><\/span><span lang=\"es-ES\">.<\/span><\/span><\/p>\n<p align=\"justify\"><span style=\"color: #222222;\"><span lang=\"es-ES\">Los medios de la oposici\u00f3n est\u00e1n desactualizados y abren el camino a una mayor inseguridad, tanto a nivel local como global. <\/span><\/span><\/p>\n<p align=\"justify\"><span style=\"color: #222222;\"><span lang=\"es-ES\">De ello estamos convencidos los pol\u00edticos, funcionarios, ciudadanos, diplom\u00e1ticos del Movimiento Pol\u00edtico por la Unidad, y desde todo el mundo expresamos nuestra cercan\u00eda a los pueblos que sufren esta tr\u00e1gica guerra, mientras apoyamos firmemente a quienes, de diversas maneras, contin\u00faan<\/span><\/span><span style=\"color: #222222;\"><span lang=\"es-ES\"><b> negociando por la paz, la \u00fanica soluci\u00f3n verdadera.<\/b><\/span><\/span><\/p>\n<p align=\"justify\"><span style=\"color: #222222;\"><span lang=\"es-ES\">Nunca es demasiado tarde para reabrir la negociaci\u00f3n y el di\u00e1logo, a corto y largo plazo.<\/span><\/span><\/p>\n<p> <span style=\"color: #222222;\"><b><span lang=\"es-ES\">Que la obligaci\u00f3n de la paz nos gu\u00ede.<\/span><\/b><\/span>  <span style=\"color: #222222;\"><span lang=\"es-ES\">Identificamos estas tres direcciones principales de compromiso: <\/span><\/span> <\/p>\n<p align=\"justify\"><span style=\"color: #222222;\"><span lang=\"es-ES\">1- A menudo la creaci\u00f3n de los estados nacionales no ha sido una elecci\u00f3n libre de los pueblos, sino el resultado de mesas de tratativas de la posguerra, legados de imperialismos. Viejas y nuevas divisiones exigen un esfuerzo pol\u00edtico valiente, que d\u00e9 nuevo significado a las identidades nacionales, que interpele las uniones continentales, en primer lugar a la Uni\u00f3n Europea, m\u00e1s all\u00e1 de los intereses inmediatos.<\/span><\/span><\/p>\n<p align=\"justify\"><span style=\"color: #222222;\"><span lang=\"es-ES\">2- La historia nos ense\u00f1a que las sanciones econ\u00f3micas dejan indemnes a los gobiernos y empobrecen a la sociedad civil, a las mujeres y los hombres, y sobre todo a los ni\u00f1os. Siria es el \u00faltimo y m\u00e1s grave ejemplo de esto. <\/span><\/span><\/p>\n<p align=\"justify\"><span style=\"color: #222222;\"><span lang=\"es-ES\">La elecci\u00f3n de las sanciones ha de llevarse a cabo con cautela, para que no forme parte de la l\u00f3gica de la guerra y de las contraposiciones de fuerza. La pol\u00edtica debe saber controlar los circuitos de las armas y de la industria del carb\u00f3n y solo as\u00ed construir\u00e1 una verdadera paz. <\/span><\/span><\/p>\n<p align=\"justify\"><span style=\"color: #222222;\"><span lang=\"es-ES\">3- Ante el recrudecimiento de las armas nucleares con su potenciaci\u00f3n estrat\u00e9gica, hoy pedimos en voz alta a nuestros gobiernos que se firme e implemente el Tratado sobre la Prohibici\u00f3n de las Armas Nucleares, adoptado solo por 122 Estados el 7 de julio de 2017. La fuerza pol\u00edtica de la ONU debe volver a la acci\u00f3n y la voz de los gobiernos debe integrarse con la voz de las ciudades del planeta, reunidas en una espec\u00edfica asamblea mundial, para darle m\u00e1s fuerza a nuestros pueblos. <\/span><\/span><\/p>\n<p align=\"justify\"><span style=\"color: #222222;\"><span lang=\"es-ES\">En estas horas en que parece prevalecer el crudo poder de la fuerza, afirmamos sin vacilaci\u00f3n alguna que todav\u00eda y siempre creemos en la construcci\u00f3n de la paz, en los procesos de di\u00e1logo, en los instrumentos de la pol\u00edtica. <\/span><\/span><\/p>\n<p align=\"justify\"><span style=\"color: #222222;\"><span lang=\"es-ES\">Son las organizaciones de la sociedad civil, con la fuerza espiritual y cultural de su fe y con las muchas buenas pr\u00e1cticas las que pondr\u00e1n de relieve los grandes ideales para sostener la historia. <\/span><\/span><\/p>\n<p> <span style=\"color: #222222;\"><span lang=\"es-ES\">Que nuestros representantes silencien las armas cuanto antes y escuchen a las mujeres y a los hombres de paz.<\/span><\/span> <\/p>\n<p style=\"text-align: right;\"><em>Mario Bruno, presidente del MPPU<\/em><\/p>\n","protected":false},"excerpt":{"rendered":"<p>Frente a los hechos que desde haces unos d\u00edas convulsionan al mundo entero, el Movimiento Politicos por l\u2019a unidad, que inspira su acci\u00f3n en la experiencia y el ideal del Movimiento de los Focolares, afirma el compromiso com\u00fan en favor de la paz a la que se llega solo a trav\u00e9s de una \u00abacci\u00f3n\u00bb concrega.\u00a0<\/p>\n","protected":false},"author":24,"featured_media":0,"comment_status":"open","ping_status":"open","sticky":false,"template":"","format":"standard","meta":{"give_campaign_id":0,"_seopress_robots_primary_cat":"","_seopress_titles_title":"","_seopress_titles_desc":"","_seopress_robots_index":"","_et_pb_use_builder":"","_et_pb_old_content":"","_et_gb_content_width":"","footnotes":""},"categories":[46],"tags":[],"class_list":["post-311666","post","type-post","status-publish","format-standard","hentry","category-sin-categorizar"],"_links":{"self":[{"href":"https:\/\/www.focolare.org\/es\/wp-json\/wp\/v2\/posts\/311666","targetHints":{"allow":["GET"]}}],"collection":[{"href":"https:\/\/www.focolare.org\/es\/wp-json\/wp\/v2\/posts"}],"about":[{"href":"https:\/\/www.focolare.org\/es\/wp-json\/wp\/v2\/types\/post"}],"author":[{"embeddable":true,"href":"https:\/\/www.focolare.org\/es\/wp-json\/wp\/v2\/users\/24"}],"replies":[{"embeddable":true,"href":"https:\/\/www.focolare.org\/es\/wp-json\/wp\/v2\/comments?post=311666"}],"version-history":[{"count":0,"href":"https:\/\/www.focolare.org\/es\/wp-json\/wp\/v2\/posts\/311666\/revisions"}],"wp:attachment":[{"href":"https:\/\/www.focolare.org\/es\/wp-json\/wp\/v2\/media?parent=311666"}],"wp:term":[{"taxonomy":"category","embeddable":true,"href":"https:\/\/www.focolare.org\/es\/wp-json\/wp\/v2\/categories?post=311666"},{"taxonomy":"post_tag","embeddable":true,"href":"https:\/\/www.focolare.org\/es\/wp-json\/wp\/v2\/tags?post=311666"}],"curies":[{"name":"wp","href":"https:\/\/api.w.org\/{rel}","templated":true}]}}