{"id":311670,"date":"2022-02-28T03:00:20","date_gmt":"2022-02-28T02:00:20","guid":{"rendered":"https:\/\/www.focolare.org\/chiara-lubich-la-actualidad-del-evangelio\/"},"modified":"2024-05-15T20:52:45","modified_gmt":"2024-05-15T18:52:45","slug":"chiara-lubich-la-actualidad-del-evangelio","status":"publish","type":"post","link":"https:\/\/www.focolare.org\/es\/chiara-lubich-la-actualidad-del-evangelio\/","title":{"rendered":"Chiara Lubich: La actualidad del Evangelio"},"content":{"rendered":"<p><em>Acercarse al Evangelio hoy significa encontrar la Palabra viva de Dios. Chiara Lubich, a trav\u00e9s de su experiencia con la primera comunidad del Movimiento en Trento, nos hace saborear los efectos de ponerla en pr\u00e1ctica.<\/em>  Si un Dios nos habla, \u00bfc\u00f3mo no acoger su Palabra? La Biblia repite nada menos que 1.153 veces la invitaci\u00f3n a escucharlo. La misma invitaci\u00f3n la dirige el Padre a los disc\u00edpulos cuando la Palabra, su Hijo, viene a vivir en medio de nosotros: \u201cEsc\u00fachenlo\u201d.<a href=\"#_ftn1\" name=\"_ftnref1\">[1]<\/a>  Pero la escucha de la cual habla la Biblia se hace m\u00e1s con el coraz\u00f3n que con los o\u00eddos. Es adherir \u00edntegramente, obedecer, adecuarse a lo que Dios dice, con la confianza de un ni\u00f1o que se abandona en los brazos de la madre y se deja llevar por ella.  (\u2026) Se siente aqu\u00ed el eco de la ense\u00f1anza de Jes\u00fas que declara dichoso a aquel que, habiendo escuchado la Palabra de Dios, la observa<a href=\"#_ftn2\" name=\"_ftnref2\">[2]<\/a>, y que reconoce como madre y hermanos suyos a aquellos que la escuchan y la ponen en pr\u00e1ctica<a href=\"#_ftn3\" name=\"_ftnref3\">[3]<\/a>.  (\u2026) El buen oyente de la Palabra, afirma tambi\u00e9n Jes\u00fas al concluir el \u201cserm\u00f3n de la monta\u00f1a\u201d, es el que la pone en pr\u00e1ctica, dando as\u00ed consistencia a su vida como a una casa construida sobre la roca.<a href=\"#_ftn4\" name=\"_ftnref4\">[4]<\/a>  En cada Palabra suya Jes\u00fas expresa todo su amor por nosotros. Encarn\u00e9mosla, hag\u00e1mosla nuestra, experimentemos la potencia de vida que se desprende de ella, en nosotros y a nuestro alrededor, si la vivimos. Enamor\u00e9monos del Evangelio a tal punto que nos dejemos transformar en \u00e9l y lo desbordemos sobre los dem\u00e1s. Este es nuestro modo de corresponder al amor a Jes\u00fas.  Ya no seremos nosotros los que viviremos, Cristo se formar\u00e1 en nosotros. Experimentaremos la libertad de nosotros mismos, de nuestros l\u00edmites, de nuestras esclavitudes, pero adem\u00e1s veremos estallar la revoluci\u00f3n de amor que Jes\u00fas, libre de vivir en nosotros, provocar\u00e1 en el tejido social en el que estamos inmersos.  Lo experimentamos desde los inicios del Movimiento durante la Segunda Guerra Mundial, cuando, en Trento (Italia), debido a los frecuentes bombardeos corr\u00edamos a los refugios llevando con nosotros solo el peque\u00f1o libro del Evangelio.  Lo abr\u00edamos, lo le\u00edamos y, creo que por una gracia particular de Dios, esas Palabras que tantas veces hab\u00edamos escuchado, se iluminaban con una luz completamente nueva. Eran Palabras de Vida, se pod\u00edan convertir en vida.  (\u2026) En pocos meses vimos nacer a nuestro alrededor una comunidad viva de 500 personas.  Todo era fruto de la comuni\u00f3n con la Palabra, que era constante, era una din\u00e1mica de minuto a minuto. Est\u00e1bamos embriagados de la Palabra, podemos decir que la Palabra viv\u00eda en nosotros. Bastaba decirnos: \u201c\u00bfVives la Palabra?\u201d, \u201c\u00bfEres la Palabra viva?\u201d, para aumentar en nosotros la premura por vivirla.  Tenemos que volver a aquellos tiempos. El Evangelio es siempre actual. Depende de nosotros creerlo y experimentarlo. <\/p>\n<p style=\"text-align: right;\"><em>Chiara Lubich<\/em><\/p>\n<p> <em>(Chiara Lubich, en Parole di Vita, Citt\u00e0 Nuova, 2017, pag. 789-791)<\/em>  <a href=\"#_ftnref1\" name=\"_ftn1\">[1]<\/a> <em>Mt <\/em>17, 5. <a href=\"#_ftnref2\" name=\"_ftn2\">[2]<\/a> Cf. <em>Lc <\/em>11, 28 <a href=\"#_ftnref3\" name=\"_ftn3\">[3]<\/a> Cf. <em>Lc <\/em>8, 20-21. <a href=\"#_ftnref4\" name=\"_ftn4\">[4]<\/a> <em>Mt <\/em>22, 39.<\/p>\n","protected":false},"excerpt":{"rendered":"<p>Acercarse al Evangelio hoy significa encontrar la Palabra viva de Dios. Chiara Lubich, a trav\u00e9s de su experiencia con la primera comunidad del Movimiento en Trento, nos hace saborear los efectos de ponerla en pr\u00e1ctica.<\/p>\n","protected":false},"author":33,"featured_media":0,"comment_status":"open","ping_status":"open","sticky":false,"template":"","format":"standard","meta":{"give_campaign_id":0,"_seopress_robots_primary_cat":"","_seopress_titles_title":"","_seopress_titles_desc":"","_seopress_robots_index":"","_et_pb_use_builder":"","_et_pb_old_content":"","_et_gb_content_width":"","footnotes":""},"categories":[46],"tags":[],"class_list":["post-311670","post","type-post","status-publish","format-standard","hentry","category-sin-categorizar"],"_links":{"self":[{"href":"https:\/\/www.focolare.org\/es\/wp-json\/wp\/v2\/posts\/311670","targetHints":{"allow":["GET"]}}],"collection":[{"href":"https:\/\/www.focolare.org\/es\/wp-json\/wp\/v2\/posts"}],"about":[{"href":"https:\/\/www.focolare.org\/es\/wp-json\/wp\/v2\/types\/post"}],"author":[{"embeddable":true,"href":"https:\/\/www.focolare.org\/es\/wp-json\/wp\/v2\/users\/33"}],"replies":[{"embeddable":true,"href":"https:\/\/www.focolare.org\/es\/wp-json\/wp\/v2\/comments?post=311670"}],"version-history":[{"count":0,"href":"https:\/\/www.focolare.org\/es\/wp-json\/wp\/v2\/posts\/311670\/revisions"}],"wp:attachment":[{"href":"https:\/\/www.focolare.org\/es\/wp-json\/wp\/v2\/media?parent=311670"}],"wp:term":[{"taxonomy":"category","embeddable":true,"href":"https:\/\/www.focolare.org\/es\/wp-json\/wp\/v2\/categories?post=311670"},{"taxonomy":"post_tag","embeddable":true,"href":"https:\/\/www.focolare.org\/es\/wp-json\/wp\/v2\/tags?post=311670"}],"curies":[{"name":"wp","href":"https:\/\/api.w.org\/{rel}","templated":true}]}}