{"id":311672,"date":"2022-03-01T03:00:50","date_gmt":"2022-03-01T02:00:50","guid":{"rendered":"https:\/\/www.focolare.org\/caminar-juntos-el-recorrido-sinodal-en-tierra-santa\/"},"modified":"2024-05-15T20:52:45","modified_gmt":"2024-05-15T18:52:45","slug":"caminar-juntos-el-recorrido-sinodal-en-tierra-santa","status":"publish","type":"post","link":"https:\/\/www.focolare.org\/es\/caminar-juntos-el-recorrido-sinodal-en-tierra-santa\/","title":{"rendered":"Caminar juntos: el recorrido sinodal en Tierra Santa"},"content":{"rendered":"<p><em>El S\u00ednodo 2021-2023 convocado por el Papa Francisco es la ocasi\u00f3n para ponerse a la escucha y en di\u00e1logo con el otro y la oportunidad de volver a encontrar la verdadera identidad de la Iglesia, \u00a0\u201cuniversal\u201d, desde el principio. El recorrido involucra a todas las di\u00f3cesis del mundo, la Tierra Santa tambi\u00e9n.<\/em>  \u201cMientras nos disponemos a iniciar este camino, somos m\u00e1s conscientes que nunca que nosotros, todos juntos, como disc\u00edpulos de Cristo en esta Tierra, que es Su casa, estamos llamados a ser sus testigos. Recordemos que su deseo m\u00e1s grande es que seamos uno (cfr. Juan 17)\u201d.  Es lo que se lee en la carta del 26 de enero de 2022, enviada por los Ordinarios cat\u00f3licos a los jefes de las Iglesias cristianas en Tierra Santa respecto del S\u00ednodo 2021-2023 convocado por el Papa Francisco, cuyo t\u00edtulo es \u201cPor una Iglesia sinodal. Comuni\u00f3n, participaci\u00f3n, misi\u00f3n\u201d.  Con el deseo expl\u00edcito de informar e integrar a los hermanos de las dem\u00e1s comunidades eclesiales locales respecto del articulado recorrido sinodal iniciado tambi\u00e9n en Tierra Santa, el patriarca de Jerusal\u00e9n de los Latinos, Pierbattista Pizzaballa, quien firma el texto, destaca la importancia de la escucha rec\u00edproca en este camino de comuni\u00f3n.  Una mirada a la misi\u00f3n de una Iglesia \u201cuniversal\u201d, en particular a la de Jerusal\u00e9n, de la que el patriarca hab\u00eda hablado el 9 de noviembre de 2021, durante un encuentro con los movimientos eclesiales y las nuevas comunidades presentes en Tierra Santa a ra\u00edz de la apertura del camino sinodal:  \u201cNuestra Iglesia, la Iglesia de Jerusal\u00e9n naci\u00f3 en el Cen\u00e1culo, en Pentecost\u00e9s, y naci\u00f3 ya en ese momento como Iglesia universal y local al mismo tiempo. (\u2026) Sobre todo en estos \u00faltimos a\u00f1os se ha enriquecido de muchos carismas m\u00e1s. Por este motivo la presencia de ustedes aqu\u00ed no es solamente un regalo y un signo de la Providencia (\u2026), sino que tambi\u00e9n forma parte de un deseo de Dios (\u2026)\u201d.  En esa ocasi\u00f3n, los representantes de las varias realidades presentes pudieron escucharse, dar testimonio de la propia experiencia y, con la preciosa ayuda del patriarca, entender mejor c\u00f3mo afrontar el S\u00ednodo a nivel local.  Mons. Pizzaballa, al responder a varias preguntas, comparti\u00f3 su pensamiento acerca de la <em>sinodalidad<\/em>, que \u201ces un estilo \u2013dijo\u2013 o un modo de estar en la vida, en la Iglesia, pero tambi\u00e9n fuera de la Iglesia. Es una actitud.\u00a0 Y la escucha, el di\u00e1logo son expresiones de ello (\u2026)\u201d.  Por tanto, es necesario que los varios movimientos y las varias realidades trabajen en \u201ccross-platform\u201d (multiplataforma), yendo al coraz\u00f3n de la experiencia de \u201ccomuni\u00f3n\u201d de la Iglesia universal. Es una experiencia que m\u00e1s que otras parece realmente dif\u00edcil vivir en Tierra Santa.  \u201cPor comuni\u00f3n \u2013prosigui\u00f3\u2013 yo entiendo la conciencia de pertenencia, de un don recibido, de una gratuidad y de una vida insertada en el otro (\u2026).Todo ello surge de la experiencia del encuentro con Jes\u00fas. (\u2026) Tras haber encontrado al Se\u00f1or y haber hecho la experiencia de la salvaci\u00f3n, t\u00fa entiendes que esa experiencia se hace completa y profunda cuando se comparte en una comunidad (\u2026)\u201d.  Un hondo deseo que se renueva en las palabras de esa carta enviada por los Ordinarios cat\u00f3licos a los jefes de las varias Iglesias cristianas en la Tierra Santa y que abre los horizontes, haciendo hincapi\u00e9 tambi\u00e9n en la voluntad de crecer en la fraternidad y enriquecerse con la sabidur\u00eda de los dem\u00e1s.  La posibilidad de \u201cestar juntos\u201d: \u00e9ste es el deseo del camino sinodal. Quiere ser un momento que tenga el sabor de una comida compartida, de un dolor que se abraza en grupo, de una alegr\u00eda que no puede esperar a ser contada. Es la marcha de los disc\u00edpulos de Emmaus que, aunque tristes y desilusionados, caminan juntos y se sostienen en la comuni\u00f3n, hasta que el Resucitado se acerca a ellos. Es una ocasi\u00f3n para no dejar pasar, es la ocasi\u00f3n de reconocerlo en medio de nosotros. <\/p>\n<p style=\"text-align: right;\"><em>Maria Grazia Berretta<\/em><\/p>\n","protected":false},"excerpt":{"rendered":"<p>El S\u00ednodo 2021-2023 convocado por el Papa Francisco es la ocasi\u00f3n para ponerse a la escucha y en di\u00e1logo con el otro y la oportunidad de volver a encontrar la verdadera identidad de la Iglesia, \u00a0\u201cuniversal\u201d, desde el principio. El recorrido involucra a todas las di\u00f3cesis del mundo, la Tierra Santa tambi\u00e9n.<\/p>\n","protected":false},"author":33,"featured_media":0,"comment_status":"open","ping_status":"open","sticky":false,"template":"","format":"standard","meta":{"give_campaign_id":0,"_seopress_robots_primary_cat":"","_seopress_titles_title":"","_seopress_titles_desc":"","_seopress_robots_index":"","_et_pb_use_builder":"","_et_pb_old_content":"","_et_gb_content_width":"","footnotes":""},"categories":[46],"tags":[],"class_list":["post-311672","post","type-post","status-publish","format-standard","hentry","category-sin-categorizar"],"_links":{"self":[{"href":"https:\/\/www.focolare.org\/es\/wp-json\/wp\/v2\/posts\/311672","targetHints":{"allow":["GET"]}}],"collection":[{"href":"https:\/\/www.focolare.org\/es\/wp-json\/wp\/v2\/posts"}],"about":[{"href":"https:\/\/www.focolare.org\/es\/wp-json\/wp\/v2\/types\/post"}],"author":[{"embeddable":true,"href":"https:\/\/www.focolare.org\/es\/wp-json\/wp\/v2\/users\/33"}],"replies":[{"embeddable":true,"href":"https:\/\/www.focolare.org\/es\/wp-json\/wp\/v2\/comments?post=311672"}],"version-history":[{"count":0,"href":"https:\/\/www.focolare.org\/es\/wp-json\/wp\/v2\/posts\/311672\/revisions"}],"wp:attachment":[{"href":"https:\/\/www.focolare.org\/es\/wp-json\/wp\/v2\/media?parent=311672"}],"wp:term":[{"taxonomy":"category","embeddable":true,"href":"https:\/\/www.focolare.org\/es\/wp-json\/wp\/v2\/categories?post=311672"},{"taxonomy":"post_tag","embeddable":true,"href":"https:\/\/www.focolare.org\/es\/wp-json\/wp\/v2\/tags?post=311672"}],"curies":[{"name":"wp","href":"https:\/\/api.w.org\/{rel}","templated":true}]}}