{"id":311694,"date":"2022-03-18T11:33:59","date_gmt":"2022-03-18T10:33:59","guid":{"rendered":"https:\/\/www.focolare.org\/margaret-karram-que-cese-el-fuego-de-la-guerra-y-venza-el-dialogo-en-la-busqueda-de-vias-de-paz\/"},"modified":"2024-05-15T20:52:49","modified_gmt":"2024-05-15T18:52:49","slug":"margaret-karram-que-cese-el-fuego-de-la-guerra-y-venza-el-dialogo-en-la-busqueda-de-vias-de-paz","status":"publish","type":"post","link":"https:\/\/www.focolare.org\/es\/margaret-karram-que-cese-el-fuego-de-la-guerra-y-venza-el-dialogo-en-la-busqueda-de-vias-de-paz\/","title":{"rendered":"Margaret Karram: que cese el fuego de la guerra  y venza el di\u00e1logo \u201cen la b\u00fasqueda de v\u00edas de paz\u201d"},"content":{"rendered":"<p><em>La \u00aboraci\u00f3n por la paz universal\u00bb pronunciada hoy por la presidenta del Movimiento de los Focolares en As\u00eds, ante la tumba de San Francisco, se hace eco de las palabras del Papa Francisco. Se adjunta la versi\u00f3n integral.<\/em>  \u201cTe pedimos con la fe que mueve las monta\u00f1as, que &#8216;cese el fuego&#8217; de la guerra y venza el di\u00e1logo &#8216;en la b\u00fasqueda de v\u00edas de paz&#8217; entre Rusia y Ucrania. Pedimos la gracia de poner fin a todo conflicto en curso, especialmente los m\u00e1s olvidados\u201d.  <img alt=\"\" alt=\"\" loading=\"lazy\" decoding=\"async\" class=\"alignright wp-image-247719\" src=\"https:\/\/www.focolare.org\/wp-content\/uploads\/2022\/03\/WhatsApp-Image-2022-03-18-at-13.02.22-548x340.jpeg\" alt=\"\" width=\"408\" height=\"253\" \/>Esta ferviente invocaci\u00f3n est\u00e1 en el centro de la \u00ab<strong>oraci\u00f3n por la paz universal<\/strong>\u00ab, pronunciada esta ma\u00f1ana en As\u00eds por Margaret Karram, presidenta del Movimiento de los Focolares. En la cripta de San Francisco, en la Bas\u00edlica inferior, estaba presente con ella el Consejo General del Movimiento, reunido en la \u00abciudad de la paz\u00bb para unos d\u00edas de retiro.  \u201cEstamos aqu\u00ed en representaci\u00f3n de todos los miembros del Movimiento: cristianos de distintas Iglesias, fieles de varias religiones, personas que se reconocen hermanos y hermanas en la \u00fanica familia humana.  Hacemos nuestro el grito y la desesperaci\u00f3n de los pueblos que en este momento sufren a causa de la violencia, de conflictos y de guerras\u201d prosigui\u00f3 Margaret Karram.  \u201cConc\u00e9denos la gracia de acogernos unos a otros, de perdonarnos, de vivir como una \u00fanica familia humana. \u00a1Conc\u00e9denos amar la patria de los dem\u00e1s como la nuestra! Dios de misericordia, de concordia, haznos \u201cinstrumentos de tu paz\u201d.  A una semana (el 25 de marzo 2022) de la consagraci\u00f3n que el Papa Francisco har\u00e1 de Rusia y Ucraina al Coraz\u00f3n inmaculado de Mar\u00eda, esta s\u00faplica se inserta en la oraci\u00f3n coral elevada de todo el mundo por la paz y acompa\u00f1a la gran red de solidaridad a la que tambi\u00e9n se adhieren los miembros del Movimiento. Las comunidades de los Focolares est\u00e1n presentes en m\u00e1s de 180 pa\u00edses, por lo tanto, tambi\u00e9n en muchos de los lugares en los que est\u00e1n todav\u00eda produci\u00e9ndose conflictos y guerras. <\/p>\n<p style=\"text-align: right;\"><em>Stefania Tanesini<\/em><\/p>\n<p> <a href=\"https:\/\/www.focolare.org\/wp-content\/uploads\/2022\/03\/MK-Asis-ES.pdf\">El texto completo de la \u00aboraci\u00f3n universal por la paz\u00bb.<\/a><\/p>\n","protected":false},"excerpt":{"rendered":"<p>La \u00aboraci\u00f3n por la paz universal\u00bb pronunciada hoy por la presidenta del Movimiento de los Focolares en As\u00eds, ante la tumba de San Francisco, se hace eco de las palabras del Papa Francisco. Se adjunta la versi\u00f3n integral.<\/p>\n","protected":false},"author":27,"featured_media":0,"comment_status":"open","ping_status":"open","sticky":false,"template":"","format":"standard","meta":{"give_campaign_id":0,"_seopress_robots_primary_cat":"","_seopress_titles_title":"","_seopress_titles_desc":"","_seopress_robots_index":"","_et_pb_use_builder":"","_et_pb_old_content":"","_et_gb_content_width":"","footnotes":""},"categories":[905],"tags":[],"class_list":["post-311694","post","type-post","status-publish","format-standard","hentry","category-senza-categoria-2-2"],"_links":{"self":[{"href":"https:\/\/www.focolare.org\/es\/wp-json\/wp\/v2\/posts\/311694","targetHints":{"allow":["GET"]}}],"collection":[{"href":"https:\/\/www.focolare.org\/es\/wp-json\/wp\/v2\/posts"}],"about":[{"href":"https:\/\/www.focolare.org\/es\/wp-json\/wp\/v2\/types\/post"}],"author":[{"embeddable":true,"href":"https:\/\/www.focolare.org\/es\/wp-json\/wp\/v2\/users\/27"}],"replies":[{"embeddable":true,"href":"https:\/\/www.focolare.org\/es\/wp-json\/wp\/v2\/comments?post=311694"}],"version-history":[{"count":0,"href":"https:\/\/www.focolare.org\/es\/wp-json\/wp\/v2\/posts\/311694\/revisions"}],"wp:attachment":[{"href":"https:\/\/www.focolare.org\/es\/wp-json\/wp\/v2\/media?parent=311694"}],"wp:term":[{"taxonomy":"category","embeddable":true,"href":"https:\/\/www.focolare.org\/es\/wp-json\/wp\/v2\/categories?post=311694"},{"taxonomy":"post_tag","embeddable":true,"href":"https:\/\/www.focolare.org\/es\/wp-json\/wp\/v2\/tags?post=311694"}],"curies":[{"name":"wp","href":"https:\/\/api.w.org\/{rel}","templated":true}]}}