{"id":311698,"date":"2022-03-22T03:00:29","date_gmt":"2022-03-22T02:00:29","guid":{"rendered":"https:\/\/www.focolare.org\/evangelio-vivido-perdona-nuestras-ofensas-como-tambien-nosotros-perdonamos-a-los-que-nos-ofenden-mt-6-12\/"},"modified":"2024-05-15T20:52:50","modified_gmt":"2024-05-15T18:52:50","slug":"evangelio-vivido-perdona-nuestras-ofensas-como-tambien-nosotros-perdonamos-a-los-que-nos-ofenden-mt-6-12","status":"publish","type":"post","link":"https:\/\/www.focolare.org\/es\/evangelio-vivido-perdona-nuestras-ofensas-como-tambien-nosotros-perdonamos-a-los-que-nos-ofenden-mt-6-12\/","title":{"rendered":"Evangelio Vivido: \u00abPerdona nuestras ofensas, como tambi\u00e9n nosotros perdonamos a los que nos ofenden \u00bb (Mt 6, 12)"},"content":{"rendered":"<p><em>\u00bfEs posible imitar al Padre poniendo en pr\u00e1ctica un amor que llegue hasta el perd\u00f3n? Efectivamente, es complicado, pero la verdadera condici\u00f3n que nos permite hacer un gesto tan grande es haber recibido en vida \u00abla gracia de la verg\u00fcenza\u00bb, como dice el Papa Francisco, y la consecuente alegr\u00eda de haber sido perdonados. Es un camino misterioso por el que la Cuaresma nos pide que caminemos, para que al final podamos disfrutar de paisajes maravillosos.<\/em>  <strong>Heridas sanadas<\/strong> Un d\u00eda, una persona me hizo un mont\u00f3n de reproches que, seg\u00fan mi orgullo, no merec\u00eda. Durante alg\u00fan tiempo, esta falta de respeto me consumi\u00f3 por dentro. Tuve la tentaci\u00f3n de limitar la relaci\u00f3n, no quer\u00eda tener nada m\u00e1s que ver con esa persona desagradable, pero de esa manera no habr\u00eda sido coherente con mi elecci\u00f3n de vivir el Evangelio. \u00bfC\u00f3mo sanar esta herida? Me dirig\u00ed a Jes\u00fas e inmediatamente pens\u00e9: \u201cNo hagas a los dem\u00e1s lo que no quieras que te hagan a ti\u201d. Durante d\u00edas practiqu\u00e9 con aquellos con los que ten\u00eda que relacionarme, incluidos los que me hab\u00edan hecho da\u00f1o, y en lugar de pensamientos molestos sent\u00ed que algo sanaba dentro de m\u00ed. Esa sensaci\u00f3n de alivio que s\u00f3lo el perd\u00f3n puede dar. (R. \u2013 Italia)  <strong>Amor incondicional<\/strong> Desde hace alg\u00fan tiempo, las discusiones entre mi mujer y yo se hab\u00edan intensificado. Qui\u00e9n sabe por qu\u00e9, bastaba un peque\u00f1o desacuerdo, una palabra fuera de lugar, nada para que empez\u00e1ramos a alzar la voz, reviviendo viejas historias. Una de esas noches, cuando el ambiente se hab\u00eda vuelto tenso, nuestra hija de nueve a\u00f1os parec\u00eda estar jugando a lanzar aviones de papel desde la escalera de arriba. Ella sonre\u00eda y su hermano peque\u00f1o parec\u00eda estar divirti\u00e9ndose como nunca. Intrigado, tom\u00e9 algunos de ellos y se los mostr\u00e9 a mi esposa. Al observar m\u00e1s de cerca, cada uno de los aviones estaba decorado con corazones y mensajes como: \u201cLos queremos mucho\u201d, \u201cSon los padres m\u00e1s hermosos del mundo\u201d, \u201cQueremos o\u00edrlos cantar\u201d. Mientras mi mujer los le\u00eda, las l\u00e1grimas inundaban su rostro. Avergonzados, nos miramos, luego nos abrazamos, prometiendo encontrar nuestra unidad en ese \u00abS\u00ed\u00bb de amor que dijimos hace a\u00f1os. (M. \u2013 Portogallo)  <strong>El primer paso<\/strong> Desde la adolescencia, mi padre y yo no nos soport\u00e1bamos. Mi madre sufr\u00eda por eso, pero no ve\u00eda ninguna soluci\u00f3n para nuestra familia. Durante un viaje al extranjero, le cont\u00e9 a un amigo m\u00edo que participaba en un movimiento cat\u00f3lico y que, en casos dif\u00edciles, sol\u00eda preguntarse: \u00abSi yo no amo a esa persona, \u00bfqui\u00e9n la amar\u00e1 en mi lugar? Volv\u00ed de ese viaje atesorando estas fuertes palabras y, curiosamente, me acord\u00e9 de tantas oportunidades perdidas en las que hubiera podido tener un gesto de cari\u00f1o hacia mis padres. Para enmendarlo, empec\u00e9 con peque\u00f1as cosas, servicios sencillos relacionados con mi experiencia, que sol\u00eda evitar&#8230; En resumen, algo cambi\u00f3 en m\u00ed. Han pasado d\u00e9cadas desde entonces, y ahora que tengo una familia e hijos, entiendo la importancia de dar el primer paso, como si la alegr\u00eda de la otra persona dependiera \u00fanicamente de m\u00ed. (R.T. \u2013 Ungheria) <\/p>\n<p style=\"text-align: right;\"><em>Editado por Maria Grazia Berretta<\/em><\/p>\n<p> <em>(extra\u00eddo de Il Vangelo del Giorno, Citt\u00e0 Nuova, a\u00f1o VIII, n\u00ba 2, marzo-abril de 2022)<\/em><\/p>\n","protected":false},"excerpt":{"rendered":"<p>\u00bfEs posible imitar al Padre poniendo en pr\u00e1ctica un amor que llegue hasta el perd\u00f3n? Efectivamente, es complicado, pero la verdadera condici\u00f3n que nos permite hacer un gesto tan grande es haber recibido en vida \u00abla gracia de la verg\u00fcenza\u00bb, como dice el Papa Francisco, y la consecuente alegr\u00eda de haber sido perdonados. Es un camino misterioso por el que la Cuaresma nos pide que caminemos, para que al final podamos disfrutar de paisajes maravillosos.<\/p>\n","protected":false},"author":33,"featured_media":0,"comment_status":"open","ping_status":"open","sticky":false,"template":"","format":"standard","meta":{"give_campaign_id":0,"_seopress_robots_primary_cat":"","_seopress_titles_title":"","_seopress_titles_desc":"","_seopress_robots_index":"","_et_pb_use_builder":"","_et_pb_old_content":"","_et_gb_content_width":"","footnotes":""},"categories":[46],"tags":[],"class_list":["post-311698","post","type-post","status-publish","format-standard","hentry","category-sin-categorizar"],"_links":{"self":[{"href":"https:\/\/www.focolare.org\/es\/wp-json\/wp\/v2\/posts\/311698","targetHints":{"allow":["GET"]}}],"collection":[{"href":"https:\/\/www.focolare.org\/es\/wp-json\/wp\/v2\/posts"}],"about":[{"href":"https:\/\/www.focolare.org\/es\/wp-json\/wp\/v2\/types\/post"}],"author":[{"embeddable":true,"href":"https:\/\/www.focolare.org\/es\/wp-json\/wp\/v2\/users\/33"}],"replies":[{"embeddable":true,"href":"https:\/\/www.focolare.org\/es\/wp-json\/wp\/v2\/comments?post=311698"}],"version-history":[{"count":0,"href":"https:\/\/www.focolare.org\/es\/wp-json\/wp\/v2\/posts\/311698\/revisions"}],"wp:attachment":[{"href":"https:\/\/www.focolare.org\/es\/wp-json\/wp\/v2\/media?parent=311698"}],"wp:term":[{"taxonomy":"category","embeddable":true,"href":"https:\/\/www.focolare.org\/es\/wp-json\/wp\/v2\/categories?post=311698"},{"taxonomy":"post_tag","embeddable":true,"href":"https:\/\/www.focolare.org\/es\/wp-json\/wp\/v2\/tags?post=311698"}],"curies":[{"name":"wp","href":"https:\/\/api.w.org\/{rel}","templated":true}]}}