{"id":311700,"date":"2022-03-23T03:00:20","date_gmt":"2022-03-23T02:00:20","guid":{"rendered":"https:\/\/www.focolare.org\/huia-y-me-acogiste\/"},"modified":"2024-05-15T20:52:50","modified_gmt":"2024-05-15T18:52:50","slug":"huia-y-me-acogiste","status":"publish","type":"post","link":"https:\/\/www.focolare.org\/es\/huia-y-me-acogiste\/","title":{"rendered":"Hu\u00eda y me acogiste"},"content":{"rendered":"<p><em>Un conflicto, el de Ucrania, que estamos siguiendo en tiempo real, a trav\u00e9s del trabajo de los periodistas enviados, las noticias difundidas a trav\u00e9s de la web y las redes sociales. Asistimos todos los d\u00edas al drama humano de grandes masas que tienen que escapar de las bombas, en su mayor\u00eda ni\u00f1os y mujeres. Y, al mismo tiempo, en silencio, los gestos de acogida se multiplican en muchos pa\u00edses europeos. Aqu\u00ed algunos testimonios.<\/em>  Hace un mes, ninguno de nosotros pod\u00eda imaginar que hoy tendr\u00edamos m\u00e1s de tres millones de refugiados de Ucrania. En cambio, es la realidad que estamos experimentando no solo en los pa\u00edses vecinos a las zonas de conflicto, sino tambi\u00e9n en todos los pa\u00edses de Europa y m\u00e1s all\u00e1.  Pr\u00e1cticamente, de la noche a la ma\u00f1ana, fue necesario organizarse para acoger a los hermanos ucranianos, en su mayor\u00eda ni\u00f1os y mujeres, que huyen del horror.  <em>\u201cCuando comenz\u00f3 el conflicto y llegaron las primeras personas de Ucrania \u2013 dice Manuela desde Berl\u00edn, Alemania \u2013 para m\u00ed tambi\u00e9n fue una respuesta a la cancelaci\u00f3n forzada de la reuni\u00f3n anual de los Focolares que llamamos Mari\u00e1polis europea: acoger a la gente como podemos, ahora es m\u00ed, nuestra Mari\u00e1polis. Esto es lo que Dios quiere de m\u00ed, de nosotros\u201d.<\/em>  Y desde M\u00fanich, en Alemania, Dora cuenta: <em>\u201cLa casa de los sacerdotes donde trabajo ha acogido a dos mujeres y un ni\u00f1o de 12 a\u00f1os. No hablan alem\u00e1n ni ingl\u00e9s, pero nos entendemos con la traducci\u00f3n de la web en nuestros celulares. Hace unas noches, despu\u00e9s de la cena, les pregunt\u00e9 si necesitaban algo. La madre respondi\u00f3: &#8216;S\u00ed, necesito un par de zapatos n\u00b0 2 para mi hijo&#8217;. En ese momento he sentido a Chiara Lubich muy cerca de m\u00ed y me di cuenta de que est\u00e1bamos en el camino correcto\u201d.<\/em> Dora se refiere a un hecho que le sucedi\u00f3 a Chiara Lubich durante la Segunda Guerra, cuando un hombre pobre le pidi\u00f3 un par de zapatos de hombre n\u00b0 42 y, al mismo tiempo, una amiga le hab\u00eda entregado precisamente un par de zapatos de ese n\u00famero que en su familia estaba de m\u00e1s.  Hoy, para recibir a los refugiados de Ucrania, est\u00e1n disponibles algunas instalaciones de acogida de los Focolares. Ya el 3 de marzo de 2022, los primeros 5 refugiados (2 madres j\u00f3venes con sus hijos) encontraron alojamiento y agradecieron la ducha caliente y la comida recibida en el centro Mari\u00e1polis <em>&#8216;dialog.hotel.wien&#8217;<\/em>, cerca de Viena, en Austria. Al d\u00eda siguiente continuaron su viaje en tren. Diez d\u00edas despu\u00e9s, llegaron 34 refugiados, entre los cuales 15 ni\u00f1os, que fueron recibidos de 1 a 5 noches.  Lo mismo ocurre con los Centros Mari\u00e1polis de Alemania: Zwochau, en Leipzig, Solingen en Colonia, Ottmaring en Augsburgo.  <img alt=\"\" alt=\"\" loading=\"lazy\" decoding=\"async\" class=\" wp-image-247752 alignright\" src=\"https:\/\/www.focolare.org\/wp-content\/uploads\/2022\/03\/Germania4-340x340.jpg\" alt=\"\" width=\"242\" height=\"242\" \/>Veinticinco j\u00f3venes del noroeste de Alemania participaron en una carrera ben\u00e9fica para los hu\u00e9rfanos de Ucrania el s\u00e1bado 12 de marzo de 2022. Un gran grupo ha corrido en Solingen y desde Colonia, M\u00fanich y tambi\u00e9n desde Graz, otros participantes se unieron y han corrido con ellos. \u00a1En total, los j\u00f3venes recorrieron m\u00e1s de 250 kil\u00f3metros y recaudaron m\u00e1s de 10.000 euros! Luego se conectaron a trav\u00e9s de una videoconferencia con las focolarinas que est\u00e1n en Ucrania para compartir experiencias.  Y no solo se hacen cargo de los refugiados o recaudan dinero, ropa o comida, sino que tambi\u00e9n es necesario concientizar sobre la idea de la paz.  <img alt=\"\" alt=\"\" loading=\"lazy\" decoding=\"async\" class=\"wp-image-247753 alignleft\" src=\"https:\/\/www.focolare.org\/wp-content\/uploads\/2022\/03\/9FB45C21-82BA-48E9-8EC5-43CBFB54836B.jpeg\" alt=\"\" width=\"255\" height=\"182\" \/>Margarete D. es docente y ha iniciado una campa\u00f1a especial con su clase en Krefeld (Alemania). Ha captado entre los ni\u00f1os el gran deseo entre los ni\u00f1os de hacer algo concreto. As\u00ed dieron vida a la acci\u00f3n \u201cPostales por la paz\u201d.  Algunas frases han sido traducidas al ruso y meticulosamente escritas por los ni\u00f1os en letras cir\u00edlicas junto con la versi\u00f3n en su lengua materna, para ser enviadas a quienes tengan la posibilidad de detener los enfrentamientos.  Todav\u00eda hay mucho por hacer. Mientras tanto, se est\u00e1n haciendo esfuerzos para organizar mejor los aspectos log\u00edsticos de la acogida de los refugiados durante mucho tiempo, con la esperanza de que este conflicto termine pronto, como ha dicho el papa Francisco en el \u00c1ngelus del domingo 20 de marzo de 2022, suplicando: \u201cSuplico a todos los actores de la comunidad internacional que se esfuercen de verdad para hacer que cese esta guerra repugnante\u201d. <\/p>\n<p style=\"text-align: right;\"><em>Carlos Mana<\/em><\/p>\n","protected":false},"excerpt":{"rendered":"<p>Un conflicto, el de Ucrania, que estamos siguiendo en tiempo real, a trav\u00e9s del trabajo de los periodistas enviados, las noticias difundidas a trav\u00e9s de la web y las redes sociales. Las im\u00e1genes nos muestran, una vez m\u00e1s, la crueldad y la \u201cinutilidad de la guerra\u201d, como escrib\u00eda Igino Giordani. Asistimos todos los d\u00edas al drama humano de grandes masas que tienen que escapar de las bombas, en su mayor\u00eda ni\u00f1os y mujeres. Y, al mismo tiempo, en silencio, los gestos de acogida se multiplican en muchos pa\u00edses europeos. Aqu\u00ed algunos testimonios.<\/p>\n","protected":false},"author":33,"featured_media":0,"comment_status":"open","ping_status":"open","sticky":false,"template":"","format":"standard","meta":{"give_campaign_id":0,"_seopress_robots_primary_cat":"","_seopress_titles_title":"","_seopress_titles_desc":"","_seopress_robots_index":"","_et_pb_use_builder":"","_et_pb_old_content":"","_et_gb_content_width":"","footnotes":""},"categories":[46],"tags":[],"class_list":["post-311700","post","type-post","status-publish","format-standard","hentry","category-sin-categorizar"],"_links":{"self":[{"href":"https:\/\/www.focolare.org\/es\/wp-json\/wp\/v2\/posts\/311700","targetHints":{"allow":["GET"]}}],"collection":[{"href":"https:\/\/www.focolare.org\/es\/wp-json\/wp\/v2\/posts"}],"about":[{"href":"https:\/\/www.focolare.org\/es\/wp-json\/wp\/v2\/types\/post"}],"author":[{"embeddable":true,"href":"https:\/\/www.focolare.org\/es\/wp-json\/wp\/v2\/users\/33"}],"replies":[{"embeddable":true,"href":"https:\/\/www.focolare.org\/es\/wp-json\/wp\/v2\/comments?post=311700"}],"version-history":[{"count":0,"href":"https:\/\/www.focolare.org\/es\/wp-json\/wp\/v2\/posts\/311700\/revisions"}],"wp:attachment":[{"href":"https:\/\/www.focolare.org\/es\/wp-json\/wp\/v2\/media?parent=311700"}],"wp:term":[{"taxonomy":"category","embeddable":true,"href":"https:\/\/www.focolare.org\/es\/wp-json\/wp\/v2\/categories?post=311700"},{"taxonomy":"post_tag","embeddable":true,"href":"https:\/\/www.focolare.org\/es\/wp-json\/wp\/v2\/tags?post=311700"}],"curies":[{"name":"wp","href":"https:\/\/api.w.org\/{rel}","templated":true}]}}