{"id":311718,"date":"2022-04-09T01:00:56","date_gmt":"2022-04-08T23:00:56","guid":{"rendered":"https:\/\/www.focolare.org\/evangelio-vivo-vayan-por-todo-el-mundo-y-anuncien-el-evangelio-a-toda-criatura-mc-1615\/"},"modified":"2024-05-15T20:52:53","modified_gmt":"2024-05-15T18:52:53","slug":"evangelio-vivo-vayan-por-todo-el-mundo-y-anuncien-el-evangelio-a-toda-criatura-mc-1615","status":"publish","type":"post","link":"https:\/\/www.focolare.org\/es\/evangelio-vivo-vayan-por-todo-el-mundo-y-anuncien-el-evangelio-a-toda-criatura-mc-1615\/","title":{"rendered":"Evangelio vivo: \u201cVayan por todo el mundo y anuncien el Evangelio a toda criatura\u201d. (Mc 16,15)"},"content":{"rendered":"<p><em>Proclamar la Palabra no es simplemente hablar, m\u00e1s bien es una acci\u00f3n concreta, que se manifiesta en la vida, en la relaci\u00f3n con los dem\u00e1s, con la creaci\u00f3n. Es una misi\u00f3n: ser hermanos y hermanas, la imagen del Reino de Dios en nuestro tiempo.<\/em>  <strong>Artesanos de paz<\/strong> Burundi es un pa\u00eds muy bonito, pero despu\u00e9s de la guerra civil miles de personas de diferentes grupos \u00e9tnicos emigraron y ahora estamos dispersos en todo el mundo. Los tutsis huyen de los hutus y viceversa, sin contar el regionalismo que enfrenta a la gente del sur con la del norte y que es muy fuerte, sobre todo en lo que respecta al reparto del poder. \u00bfY qu\u00e9 hacemos los cristianos? Aqu\u00ed en Canad\u00e1, mi marido y yo pensamos en crear un peque\u00f1o mundo nuevo dentro de la comunidad burundesa: a trav\u00e9s de diversas actividades culturales y deportivas, damos paso no solo a nuestros compatriotas, tambi\u00e9n a otros africanos y a nuestros amigos y vecinos de Quebec, de reunirse en torno a una comida tradicional, una bebida y buena m\u00fasica. Nuestro principal objetivo es contribuir a la realizaci\u00f3n del testamento de nuestro Se\u00f1or: \u00abQue todos sean uno\u00bb. Estamos convencidos, de hecho, de que cada cristiano debe contribuir, a su manera, a la realizaci\u00f3n de este proyecto. Ahora, varios burundeses est\u00e1n en contacto permanente y se dan la mano, cosa que antes no hac\u00edan. (Florida K. \u2013 Canad\u00e1)  <strong>Una decisi\u00f3n com\u00fan<\/strong> Un d\u00eda, al notar que algo preocupaba a una colega, me acerqu\u00e9 a ella y le pregunt\u00e9 amablemente c\u00f3mo estaba. Fue entonces cuando me confi\u00f3 que hab\u00eda decidido acoger en su casa una hermana con c\u00e1ncer en fase terminal. Como me dijo que necesitaba comida especial, incluyendo un tipo de leche muy cara, sent\u00ed que tambi\u00e9n quer\u00eda contribuir. Pod\u00eda extraer de mi cuenta, segura de que mi marido estar\u00eda de acuerdo, pero esta vez quer\u00eda decidir con \u00e9l. No siempre hab\u00eda hecho esto en el pasado, especialmente para los gastos peque\u00f1os. Pero desde que nos comprometimos a vivir las Palabras del Evangelio con m\u00e1s convicci\u00f3n, nos volvimos m\u00e1s sensibles al hecho de que \u201ces mejor juntos\u201d. As\u00ed que, cuando ambos llegamos a casa del trabajo, le habl\u00e9 de mi colega y de la ayuda que quer\u00eda brindarle. Me apoy\u00f3 inmediatamente. No s\u00f3lo eso, sino que sugiri\u00f3 dar el doble de la cantidad que yo hab\u00eda planeado. Su rostro expresaba una gran alegr\u00eda. Esta atenci\u00f3n al pr\u00f3jimo que sufre nos hizo sentir m\u00e1s unidos. (Thanh \u2013 Vietnam)  <strong>Optimizar las relaciones<\/strong> A menudo tengo la tentaci\u00f3n de \u201coptimizar el tiempo\u201d de acuerdo con mi propio programa, decepcion\u00e1ndome cuando el orden establecido de las cosas por hacer, se ve alterado por un imprevisto: aquel imprevisto que tan a menudo comunica la voluntad de Dios y da un sabor diferente a la jornada. Sin embargo, cada vez me doy m\u00e1s cuenta de que, en el entramado de la vida cotidiana, la mejor actitud es \u201coptimizar las relaciones\u201d con cada pr\u00f3jimo que encuentro. \u00a1Y aqu\u00ed la prisa es el gran enemigo! As\u00ed que intento detenerme, por ejemplo, con los jubilados debajo del edificio, con la vecina del piso, reci\u00e9n salida del hospital. Me detengo para dar los \u201cbuenos d\u00edas\u201d al habitante en arresto domiciliario, al que muchos marginan por miedo, y para advertirle de que hoy se cortar\u00e1 el agua a todo el barrio por obras de mantenimiento. (Ciro \u2013 Italia) <\/p>\n<p style=\"text-align: right;\"><em>Por Maria Grazia Berretta<\/em><\/p>\n<p> <em>(extra\u00eddo de Il Vangelo del Giorno, Citt\u00e0 Nuova, a\u00f1o VIII, n\u00ba 2, marzo-abril de 2022)<\/em><\/p>\n","protected":false},"excerpt":{"rendered":"<p>Proclamar la Palabra no es simplemente hablar, m\u00e1s bien es una acci\u00f3n concreta, que se manifiesta en la vida, en la relaci\u00f3n con los dem\u00e1s, con la creaci\u00f3n. Es una misi\u00f3n: ser hermanos y hermanas, la imagen del Reino de Dios en nuestro tiempo.<\/p>\n","protected":false},"author":33,"featured_media":0,"comment_status":"open","ping_status":"open","sticky":false,"template":"","format":"standard","meta":{"give_campaign_id":0,"_seopress_robots_primary_cat":"","_seopress_titles_title":"","_seopress_titles_desc":"","_seopress_robots_index":"","_et_pb_use_builder":"","_et_pb_old_content":"","_et_gb_content_width":"","footnotes":""},"categories":[46],"tags":[],"class_list":["post-311718","post","type-post","status-publish","format-standard","hentry","category-sin-categorizar"],"_links":{"self":[{"href":"https:\/\/www.focolare.org\/es\/wp-json\/wp\/v2\/posts\/311718","targetHints":{"allow":["GET"]}}],"collection":[{"href":"https:\/\/www.focolare.org\/es\/wp-json\/wp\/v2\/posts"}],"about":[{"href":"https:\/\/www.focolare.org\/es\/wp-json\/wp\/v2\/types\/post"}],"author":[{"embeddable":true,"href":"https:\/\/www.focolare.org\/es\/wp-json\/wp\/v2\/users\/33"}],"replies":[{"embeddable":true,"href":"https:\/\/www.focolare.org\/es\/wp-json\/wp\/v2\/comments?post=311718"}],"version-history":[{"count":0,"href":"https:\/\/www.focolare.org\/es\/wp-json\/wp\/v2\/posts\/311718\/revisions"}],"wp:attachment":[{"href":"https:\/\/www.focolare.org\/es\/wp-json\/wp\/v2\/media?parent=311718"}],"wp:term":[{"taxonomy":"category","embeddable":true,"href":"https:\/\/www.focolare.org\/es\/wp-json\/wp\/v2\/categories?post=311718"},{"taxonomy":"post_tag","embeddable":true,"href":"https:\/\/www.focolare.org\/es\/wp-json\/wp\/v2\/tags?post=311718"}],"curies":[{"name":"wp","href":"https:\/\/api.w.org\/{rel}","templated":true}]}}