{"id":311742,"date":"2022-04-28T01:00:01","date_gmt":"2022-04-27T23:00:01","guid":{"rendered":"https:\/\/www.focolare.org\/universidad-en-red-sophia-en-el-mundo\/"},"modified":"2024-05-15T20:52:57","modified_gmt":"2024-05-15T18:52:57","slug":"universidad-en-red-sophia-en-el-mundo","status":"publish","type":"post","link":"https:\/\/www.focolare.org\/es\/universidad-en-red-sophia-en-el-mundo\/","title":{"rendered":"Universidad en red: Sophia en el mundo"},"content":{"rendered":"<p><em>Ampliar los horizontes del conocimiento. Del 27 de marzo al 2 de abril, en Colombia, el encuentro \u00abUniversidad, saberes y sabidur\u00eda: una perspectiva para Am\u00e9rica Latina\u00bb. Una sede latinoamericana para Sophia.<\/em>  Apertura y gradualidad. Estos fueron los ejes rectores del encuentro \u201cUniversidades, saberes y sabidur\u00eda: una perspectiva para Am\u00e9rica Latina\u201d. Realizado en Tocancip\u00e1, Colombia, del 27 de marzo al 2 de abril, el evento reuni\u00f3 al rector del Instituto Universitario Sophia, Giuseppe Argiolas, con la comisi\u00f3n transdisciplinaria e intercultural que trabaja desde hace m\u00e1s de diez a\u00f1os para construir las bases de la futura sede latinoamericana de la Universidad. Tambi\u00e9n acompa\u00f1aron los trabajos Francisco Canzani y Renata Simon, en representaci\u00f3n del Consejo General del Movimiento de los Focolares.  <img alt=\"\" alt=\"\" loading=\"lazy\" decoding=\"async\" class=\" wp-image-248296 alignright\" src=\"https:\/\/www.focolare.org\/wp-content\/uploads\/2022\/04\/\u00a9-Daniel-Fassa-1-649x340.jpg\" alt=\"\" width=\"393\" height=\"206\" \/>En el centro de las reflexiones, las orientaciones de la Congregaci\u00f3n para la Educaci\u00f3n Cat\u00f3lica para un proyecto sin precedentes en la historia de las universidades pontificias: las diferentes unidades del Instituto Universitario Sophia, aunque se abran en otros continentes, ser\u00e1n parte de una \u00fanica universidad global con sede en Loppiano (Florencia, Italia).  Si se aprueba, el proyecto Sophia ALC (Am\u00e9rica Latina y el Caribe) ser\u00e1 el primer paso en la construcci\u00f3n de esta \u201cuniversidad en red\u201d y se ramificar\u00e1 en tres contextos diferentes: en Argentina, el proyecto contempla la oferta de una maestr\u00eda en \u201c Ecolog\u00eda Integral e Interculturalidad\u201d, en modalidad h\u00edbrida (presencial y en l\u00ednea); en Brasil, un curso de grado presencial en \u201cPedagog\u00eda con orientaci\u00f3n en Humanismo Integral\u201d; en M\u00e9xico, cursos de extensi\u00f3n universitaria (principalmente en l\u00ednea).  <img alt=\"\" alt=\"\" loading=\"lazy\" decoding=\"async\" class=\"wp-image-248295 alignleft\" src=\"https:\/\/www.focolare.org\/wp-content\/uploads\/2022\/04\/\u00a9-Daniel-Fassa-2-649x340.jpg\" alt=\"\" width=\"389\" height=\"204\" \/>Durante los seis d\u00edas del encuentro, los miembros de la comisi\u00f3n trabajaron intensamente en la b\u00fasqueda de soluciones para la paulatina viabilidad de este complejo proyecto, en sus diferentes vertientes: desde la adecuaci\u00f3n a las normas eclesiales hasta la adecuaci\u00f3n a la legislaci\u00f3n local; desde la sostenibilidad econ\u00f3mica hasta las estrategias de recaudaci\u00f3n de fondos y difusi\u00f3n; desde infraestructura hasta planes de estudios, entre otros.  En conclusi\u00f3n, una certeza: ha llegado el momento de ampliar a\u00fan m\u00e1s los horizontes de la experiencia de unidad en la diversidad construida hasta ahora por los miembros de la comisi\u00f3n local Sophia ALC, provenientes de pa\u00edses como Argentina, Brasil, Colombia, Costa Rica, M\u00e9xico y Uruguay, y disciplinas como econom\u00eda, administraci\u00f3n, teolog\u00eda, filosof\u00eda, historia, derecho, pedagog\u00eda, sociolog\u00eda y comunicaci\u00f3n. El futuro del proyecto pasa por profundizar el ya intenso di\u00e1logo con el Rector y los docentes de Sophia, con los responsables del Movimiento de los Focolares y, en especial, con la Congregaci\u00f3n para la Educaci\u00f3n Cat\u00f3lica, que indica los caminos para que, de manera abierta y gradual, el sue\u00f1o de Chiara Lubich pueda continuar, ahora en el continente latinoamericano. <\/p>\n<p style=\"text-align: right;\"><em>Daniel Fassa<\/em><\/p>\n","protected":false},"excerpt":{"rendered":"<p>Ampliar los horizontes del conocimiento. Del 27 de marzo al 2 de abril, en Colombia, el encuentro \u00abUniversidad, saberes y sabidur\u00eda: una perspectiva para Am\u00e9rica Latina\u00bb. Una sede latinoamericana para Sophia.<\/p>\n","protected":false},"author":33,"featured_media":0,"comment_status":"open","ping_status":"open","sticky":false,"template":"","format":"standard","meta":{"give_campaign_id":0,"_seopress_robots_primary_cat":"","_seopress_titles_title":"","_seopress_titles_desc":"","_seopress_robots_index":"","_et_pb_use_builder":"","_et_pb_old_content":"","_et_gb_content_width":"","footnotes":""},"categories":[46],"tags":[],"class_list":["post-311742","post","type-post","status-publish","format-standard","hentry","category-sin-categorizar"],"_links":{"self":[{"href":"https:\/\/www.focolare.org\/es\/wp-json\/wp\/v2\/posts\/311742","targetHints":{"allow":["GET"]}}],"collection":[{"href":"https:\/\/www.focolare.org\/es\/wp-json\/wp\/v2\/posts"}],"about":[{"href":"https:\/\/www.focolare.org\/es\/wp-json\/wp\/v2\/types\/post"}],"author":[{"embeddable":true,"href":"https:\/\/www.focolare.org\/es\/wp-json\/wp\/v2\/users\/33"}],"replies":[{"embeddable":true,"href":"https:\/\/www.focolare.org\/es\/wp-json\/wp\/v2\/comments?post=311742"}],"version-history":[{"count":0,"href":"https:\/\/www.focolare.org\/es\/wp-json\/wp\/v2\/posts\/311742\/revisions"}],"wp:attachment":[{"href":"https:\/\/www.focolare.org\/es\/wp-json\/wp\/v2\/media?parent=311742"}],"wp:term":[{"taxonomy":"category","embeddable":true,"href":"https:\/\/www.focolare.org\/es\/wp-json\/wp\/v2\/categories?post=311742"},{"taxonomy":"post_tag","embeddable":true,"href":"https:\/\/www.focolare.org\/es\/wp-json\/wp\/v2\/tags?post=311742"}],"curies":[{"name":"wp","href":"https:\/\/api.w.org\/{rel}","templated":true}]}}