{"id":311758,"date":"2022-05-14T13:58:58","date_gmt":"2022-05-14T11:58:58","guid":{"rendered":"https:\/\/www.focolare.org\/accion-catolica-italiana-y-focolares-un-pacto-de-colaboracion\/"},"modified":"2024-05-15T20:52:59","modified_gmt":"2024-05-15T18:52:59","slug":"accion-catolica-italiana-y-focolares-un-pacto-de-colaboracion","status":"publish","type":"post","link":"https:\/\/www.focolare.org\/es\/accion-catolica-italiana-y-focolares-un-pacto-de-colaboracion\/","title":{"rendered":"Acci\u00f3n Cat\u00f3lica Italiana y Focolares: un pacto de colaboraci\u00f3n"},"content":{"rendered":"<p><em>Acci\u00f3n Cat\u00f3lica y Movimiento de los Focolares aliados, empezando por las Iglesias locales, en la educaci\u00f3n y por la ecolog\u00eda integral. Para \u201chabitar\u201d juntos y concretamente el presente y el futuro de nuestros territorios<\/em>  Se ha establecido un pacto de colaboraci\u00f3n entre la Acci\u00f3n Cat\u00f3lica Italiana y el Movimiento de los Focolares. Una alianza que, como subray\u00f3 el presidente nacional de la AC, Giuseppe Notarstefano, combina el valor fundacional de una colaboraci\u00f3n cada vez m\u00e1s concreta que ve la importancia de reconocer al otro, de estar juntos. El tercer encuentro entre la presidencia de la Acci\u00f3n Cat\u00f3lica Italiana y la del MDF tuvo lugar el viernes 13 de mayo en Roma, en el Centro Nacional de la AC, en v\u00eda Aurelia.  Recordando las palabras pronunciadas por la fundadora de los Focolares, Chiara Lubich, durante los bombardeos de Trento durante la Segunda Guerra Mundial, \u201cEl amor vence todo\u201d, la presidente del Movimiento de los Focolares, Margaret Karram, ha subrayado el deseo rec\u00edproco de una alianza que, con esta certeza, sea capaz de realizar los proyectos y sue\u00f1os de las dos organizaciones, para ser a\u00fan m\u00e1s y al mismo tiempo don para la Iglesia.  <img alt=\"\" alt=\"\" loading=\"lazy\" decoding=\"async\" class=\"alignright wp-image-248668\" src=\"https:\/\/www.focolare.org\/wp-content\/uploads\/2022\/05\/WhatsApp-Image-2022-05-14-at-5.13.36-PM-2-e1652543728594-541x340.jpeg\" alt=\"\" width=\"425\" height=\"267\" \/>Luego de dos horas de oraci\u00f3n, conocimiento, discusi\u00f3n y di\u00e1logo, se decidi\u00f3 el compromiso de iniciar y consolidar proyectos locales en los diferentes territorios entre MdF y CA, a partir del di\u00e1logo que nace de la vida, para recuperar fuerza e impulso junto a las comunidades locales y trabajar por un camino cada vez m\u00e1s concreto e intergeneracional de colaboraci\u00f3n, que promueva la bondad, la ternura, como forma de ser y de estar juntos, deseado por el papa Francisco en la enc\u00edclica <em>Fratelli tutti.<\/em>  Se eligieron tres temas: 1) pacto educativo global; 2) econom\u00eda civil, compromiso pol\u00edtico y ecolog\u00eda integral; 3) ecumenismo y di\u00e1logo interreligioso a nivel formativo.  El presidente Notarstefano expres\u00f3 el deseo de concretamente \u201chabitar\u201d juntos los diferentes territorios, asegurando presencia y pasi\u00f3n en las redes de di\u00e1logo e intercambio existentes en las Iglesias locales, animando y acompa\u00f1ando a las personas a vivir este camino de concreci\u00f3n, paciencia y entrega. Es importante que, en esta desorientaci\u00f3n general, se creen desde abajo lugares de fraternidad que, en la tempestad de lo que sucede a nuestro alrededor, se conviertan en barcas a las que aferrarse.  Queremos testimoniar que estar juntos es posible, para \u201cpromover\u201d, generar fraternidad tambi\u00e9n con una iniciativa simb\u00f3lica conjunta y nacional que potencie a quienes est\u00e1n comprometidos con la construcci\u00f3n de un \u201cnosotros\u201d m\u00e1s grande en la educaci\u00f3n, por la ecolog\u00eda integral, para \u201cparticipar\u201d juntos, tambi\u00e9n en la pol\u00edtica, en un camino generativo abierto a otras realidades, que sea una inversi\u00f3n al servicio de las generaciones futuras, para la promoci\u00f3n de la persona.  El compromiso de reunirse en diferentes ciudades, ha comentado la presidente de los Focolares Karram, pondr\u00e1 de manifiesto las muchas y diferentes acciones concretas que se pueden realizar en las Iglesias locales. Para ello se ha creado un grupo de trabajo, que estar\u00e1 coordinado por Michele Tridente (AC) y Patrizia Bertoncello (MdF), para evaluar las propuestas surgidas en la reuni\u00f3n del viernes y pensar en posibles colaboraciones que vean juntas a las dos organizaciones, abiertas a otras realidades, para un enriquecimiento de los diferentes territorios y comunidades locales. <\/p>\n<p style=\"text-align: right;\"><em>Sara Fornaro<\/em><\/p>\n","protected":false},"excerpt":{"rendered":"<p>Acci\u00f3n Cat\u00f3lica y Movimiento de los Focolares aliados, empezando por las Iglesias locales, en la educaci\u00f3n y por la ecolog\u00eda integral. Para \u201chabitar\u201d juntos y concretamente el presente y el futuro de nuestros territorios<\/p>\n","protected":false},"author":34,"featured_media":0,"comment_status":"open","ping_status":"open","sticky":false,"template":"","format":"standard","meta":{"give_campaign_id":0,"_seopress_robots_primary_cat":"","_seopress_titles_title":"","_seopress_titles_desc":"","_seopress_robots_index":"","_et_pb_use_builder":"","_et_pb_old_content":"","_et_gb_content_width":"","footnotes":""},"categories":[46],"tags":[],"class_list":["post-311758","post","type-post","status-publish","format-standard","hentry","category-sin-categorizar"],"_links":{"self":[{"href":"https:\/\/www.focolare.org\/es\/wp-json\/wp\/v2\/posts\/311758","targetHints":{"allow":["GET"]}}],"collection":[{"href":"https:\/\/www.focolare.org\/es\/wp-json\/wp\/v2\/posts"}],"about":[{"href":"https:\/\/www.focolare.org\/es\/wp-json\/wp\/v2\/types\/post"}],"author":[{"embeddable":true,"href":"https:\/\/www.focolare.org\/es\/wp-json\/wp\/v2\/users\/34"}],"replies":[{"embeddable":true,"href":"https:\/\/www.focolare.org\/es\/wp-json\/wp\/v2\/comments?post=311758"}],"version-history":[{"count":0,"href":"https:\/\/www.focolare.org\/es\/wp-json\/wp\/v2\/posts\/311758\/revisions"}],"wp:attachment":[{"href":"https:\/\/www.focolare.org\/es\/wp-json\/wp\/v2\/media?parent=311758"}],"wp:term":[{"taxonomy":"category","embeddable":true,"href":"https:\/\/www.focolare.org\/es\/wp-json\/wp\/v2\/categories?post=311758"},{"taxonomy":"post_tag","embeddable":true,"href":"https:\/\/www.focolare.org\/es\/wp-json\/wp\/v2\/tags?post=311758"}],"curies":[{"name":"wp","href":"https:\/\/api.w.org\/{rel}","templated":true}]}}