{"id":311780,"date":"2022-06-03T01:00:43","date_gmt":"2022-06-02T23:00:43","guid":{"rendered":"https:\/\/www.focolare.org\/musica-en-accion-el-gen-rosso-en-bosnia-herzegovina\/"},"modified":"2024-05-15T20:53:03","modified_gmt":"2024-05-15T18:53:03","slug":"musica-en-accion-el-gen-rosso-en-bosnia-herzegovina","status":"publish","type":"post","link":"https:\/\/www.focolare.org\/es\/musica-en-accion-el-gen-rosso-en-bosnia-herzegovina\/","title":{"rendered":"M\u00fasica en acci\u00f3n. El Gen Rosso en Bosnia- Herzegovina\u00a0"},"content":{"rendered":"<p><em>Un viaje para llevar solidaridad a los migrantes que dejan su pa\u00eds debido a la guerra y las persecuciones. La m\u00fasica del Gen Rosso siguiendo la estela del compartir y de la fraternidad.<\/em>  \u201cEstamos afrontando muchos problemas pero con ustedes, con este tipo de actividades, nos sentimos empujados a ir adelante\u201d. Son las palabras de un migrante que escap\u00f3 de Pakist\u00e1n debido a los problemas que afligen a su pa\u00eds. Hoy \u00e9l, con otros miles de migrantes, se encuentra en un campo de refugiados de Lipa y Bori\u0107i en Bosnia Herzegovina y pudo encontrarse con el Gen Rosso.  <img alt=\"\" alt=\"\" loading=\"lazy\" decoding=\"async\" class=\"wp-image-248917 alignright\" src=\"https:\/\/www.focolare.org\/wp-content\/uploads\/2022\/05\/GEN-ROSSO-bosnia-1-604x340.jpg\" alt=\"\" width=\"448\" height=\"252\" \/>De hecho, del 4 al 8 de mayo de 2022, el grupo art\u00edstico internacional regres\u00f3 por segunda vez a la \u201cruta balc\u00e1nica\u201d, donde todos los d\u00edas transitan los migrantes que escapan de su pa\u00eds debido a las guerras y persecuciones.  Solidaridad y dignidad hacia los migrantes, hacer crecer la esperanza en un mundo mejor, reforzar la autoestima y respirar juntos un clima de familia, \u00e9ste es el objetivo del viaje organizado con la ayuda del Jesuit Refugee Service (JRS) que ofrece alojamiento y ayuda de primera necesidad a quienes la solicitan. \u201cYa hab\u00edamos estado aqu\u00ed en octubre de 2021 -cuenta Michele Sole, uno de los cantantes- y me ha dejado una linda sensaci\u00f3n regresar a lugares familiares. La otra vez fuimos al campo de refugiados m\u00e1s grande de Lipa donde encontramos a otros migrantes y lo que siempre nos sorprende es ver que \u00a1la sonrisa y la acogida sin prejuicios marca la diferencia y hace brillar sus rostros!\u201d.  Gestos de acogida, peque\u00f1os regalos en los breves momentos vividos con ellos, les han abierto una espiral de alegr\u00eda y de luz.  La otra etapa fue la visita al instituto escolar \u201cJuan Pablo II\u201d de Biha\u0107 y el encuentro con un centenar de chicos que pudieron participar en los talleres de danza y canto y asistir a dos conciertos del Gen Rosso. Durante estos d\u00edas, junto a los alumnos y a sus padres, tambi\u00e9n algunos migrantes provenientes de Pakist\u00e1n, Afganist\u00e1n e Ir\u00e1n pudieron participar activamente en las manifestaciones art\u00edsticas. \u201cEra nuestra forma de intentar integrar a todos y permitirles experimentar cu\u00e1n importante e inimaginable es el don de compartir fraternalmente con esta parte de humanidad que sufre\u201d agreg\u00f3 Michele.  \u201cNo s\u00e9 qu\u00e9 me pas\u00f3 esta ma\u00f1ana -cuenta una mujer musulmana presente- pero sent\u00eda que vuestra m\u00fasica penetraba dentro de m\u00ed y me sent\u00eda conmovida y afortunada de estar aqu\u00ed\u201d.  \u201cGracias, verdaderamente gracias, por la pasi\u00f3n y la esperanza que no han dado -dice un chico afgano-, el canto ha sido muy bello\u201d.  Al coro de mensajes de alegr\u00eda y esperanza se sum\u00f3 el del director escolar del Instituto de Biha\u0107: \u201cEl concierto ha sido algo especial. Sinceramente esperamos encontrarnos nuevamente. Ha sido un gran honor y un placer para nosotros tenerlos aqu\u00ed en nuestra escuela\u201d. <\/p>\n<p style=\"text-align: right;\"><em>Lorenzo Russo<\/em><\/p>\n","protected":false},"excerpt":{"rendered":"<p>Un viaje para llevar solidaridad a los migrantes que dejan su pa\u00eds debido a la guerra y las persecuciones. La m\u00fasica del Gen Rosso siguiendo la estela del compartir y de la fraternidad.<\/p>\n","protected":false},"author":33,"featured_media":0,"comment_status":"open","ping_status":"open","sticky":false,"template":"","format":"standard","meta":{"give_campaign_id":0,"_seopress_robots_primary_cat":"","_seopress_titles_title":"","_seopress_titles_desc":"","_seopress_robots_index":"","_et_pb_use_builder":"","_et_pb_old_content":"","_et_gb_content_width":"","footnotes":""},"categories":[46],"tags":[],"class_list":["post-311780","post","type-post","status-publish","format-standard","hentry","category-sin-categorizar"],"_links":{"self":[{"href":"https:\/\/www.focolare.org\/es\/wp-json\/wp\/v2\/posts\/311780","targetHints":{"allow":["GET"]}}],"collection":[{"href":"https:\/\/www.focolare.org\/es\/wp-json\/wp\/v2\/posts"}],"about":[{"href":"https:\/\/www.focolare.org\/es\/wp-json\/wp\/v2\/types\/post"}],"author":[{"embeddable":true,"href":"https:\/\/www.focolare.org\/es\/wp-json\/wp\/v2\/users\/33"}],"replies":[{"embeddable":true,"href":"https:\/\/www.focolare.org\/es\/wp-json\/wp\/v2\/comments?post=311780"}],"version-history":[{"count":0,"href":"https:\/\/www.focolare.org\/es\/wp-json\/wp\/v2\/posts\/311780\/revisions"}],"wp:attachment":[{"href":"https:\/\/www.focolare.org\/es\/wp-json\/wp\/v2\/media?parent=311780"}],"wp:term":[{"taxonomy":"category","embeddable":true,"href":"https:\/\/www.focolare.org\/es\/wp-json\/wp\/v2\/categories?post=311780"},{"taxonomy":"post_tag","embeddable":true,"href":"https:\/\/www.focolare.org\/es\/wp-json\/wp\/v2\/tags?post=311780"}],"curies":[{"name":"wp","href":"https:\/\/api.w.org\/{rel}","templated":true}]}}