{"id":311788,"date":"2022-06-09T05:00:26","date_gmt":"2022-06-09T03:00:26","guid":{"rendered":"https:\/\/www.focolare.org\/los-suenos-de-dios-pueden-ser-ralentizados-pero-no-detenidos\/"},"modified":"2024-05-15T20:53:03","modified_gmt":"2024-05-15T18:53:03","slug":"los-suenos-de-dios-pueden-ser-ralentizados-pero-no-detenidos","status":"publish","type":"post","link":"https:\/\/www.focolare.org\/es\/los-suenos-de-dios-pueden-ser-ralentizados-pero-no-detenidos\/","title":{"rendered":"Los sue\u00f1os de Dios pueden ser ralentizados, \u00a1pero no detenidos!"},"content":{"rendered":"<p><strong>\u00a0<\/strong><em>La V Cumbre de Halki, organizada conjuntamente por el Patriarcado de Constantinopla y el Instituto Universitario Sophia, se inaugur\u00f3 ayer, 8 de junio de 2022, en Turqu\u00eda.<\/em>  Tuvimos un sue\u00f1o&#8230;  <img alt=\"\" alt=\"\" loading=\"lazy\" decoding=\"async\" class=\"alignleft wp-image-249109\" src=\"https:\/\/www.focolare.org\/wp-content\/uploads\/2022\/06\/IMG_1894-1-302x340.jpg\" alt=\"\" width=\"300\" height=\"338\" \/>S\u00ed, era enero del 2019 y una delegaci\u00f3n del Instituto Universitario Sophia (IUS) visitaba al Patriarca Ecum\u00e9nico Bartolom\u00e9 en el Fanar, el hist\u00f3rico barrio griego de la actual Estambul, Turqu\u00eda. En aquellos d\u00edas, tambi\u00e9n nos acogi\u00f3 con fina cordialidad el metropolita Elpidophoros de Bursa, entonces abad del Monasterio de la Sant\u00edsima Trinidad en la isla de Halki y profesor de la Escuela de Teolog\u00eda de la Universidad de Tesal\u00f3nica (m\u00e1s tarde, en mayo siguiente, se convertir\u00eda en arzobispo de Am\u00e9rica). Sentimos una profunda comuni\u00f3n con \u00e9l, de la que surgi\u00f3 el deseo de organizar juntos una Escuela de Verano en Halki con estudiantes y profesores cat\u00f3licos y ortodoxos, sobre el tema ecol\u00f3gico, tan apreciado por ambas Iglesias hermanas de Roma y Constantinopla. La pandemia solo consigui\u00f3 retrasarlo, pero hoy ese sue\u00f1o se ha hecho realidad.  <img alt=\"\" alt=\"\" loading=\"lazy\" decoding=\"async\" class=\"alignright wp-image-249081\" src=\"https:\/\/www.focolare.org\/wp-content\/uploads\/2022\/06\/WhatsApp-Image-2022-06-09-at-9.01.17-AM-1-e1654766488123-553x340.jpeg\" alt=\"\" width=\"400\" height=\"246\" \/>Es mi\u00e9rcoles 8 de junio del 2022, son las 18:30, y estamos de nuevo en la \u201creina de las ciudades\u201d -como se denomin\u00f3, no sin raz\u00f3n, a la espl\u00e9ndida ciudad de Constantinopla- y el Patriarca Bartolom\u00e9 dirigi\u00f3 un intenso e iluminante saludo a los participantes, estudiantes y conferencistas de todos los continentes con muy variadas experiencias interdisciplinarias y ecum\u00e9nicas. Cerca de \u00e9l est\u00e1n a la escucha,\u00a0 Mons. Marek Solczynski, nuevo nuncio apost\u00f3lico en Turqu\u00eda, Mons. Vincenzo Zani, secretario de la Congregaci\u00f3n para la Educaci\u00f3n Cat\u00f3lica, el propio arzobispo Elpidophoros y Margaret Karram, presidenta del Movimiento de los Focolares y vicecanciller de la IUS. \u201cTodo est\u00e1 en una relaci\u00f3n de amor\u201d, dijo, entre otras cosas, Margaret Karram, recordando el destino de unidad custodiado en el universo que el hombre y la mujer est\u00e1n llamados a fomentar con la acci\u00f3n y el pensamiento, hoy m\u00e1s que nunca, audaces, prof\u00e9ticos. El t\u00edtulo de la V Cumbre de Halki, organizada conjuntamente por el Patriarcado de Constantinopla y la IUS, que comenz\u00f3 el mi\u00e9rcoles 8 de junio, lo revela claramente: \u201cSostener juntos el futuro del planeta\u201d.  No es casualidad que el Patriarca Bartolom\u00e9 haya querido destacar dos palabras de este t\u00edtulo: \u201cfuturo\u201d y \u201cjuntos\u201d. La primera recuerda el fuerte v\u00ednculo intergeneracional inherente al respeto del medio ambiente en el que vivimos; la segunda, en cambio, el ineludible enfoque interdisciplinario que hay que adoptar ante la amplitud y la complejidad de los problemas ecol\u00f3gicos. \u201cSe vuelve evidente, dijo el Patriarca, que solo una respuesta cooperativa y colectiva, por parte de l\u00edderes religiosos, cient\u00edficos, autoridades pol\u00edticas, instituciones educativas y organizaciones financieras, podr\u00e1 abordar eficazmente estas cuestiones vitales de nuestro tiempo\u201d.  <img alt=\"\" alt=\"\" loading=\"lazy\" decoding=\"async\" class=\"alignleft wp-image-249111\" src=\"https:\/\/www.focolare.org\/wp-content\/uploads\/2022\/06\/IMG_1878-1-289x340.jpg\" alt=\"\" width=\"300\" height=\"353\" \/>Al final de su discurso, retom\u00f3 dos conceptos muy apreciados por la teolog\u00eda y la espiritualidad ortodoxa: \u201ceucarist\u00eda\u201d (en el sentido de \u201cacci\u00f3n de gracias\u201d por el don de la creaci\u00f3n) y \u201cascesis\u201d (entendida como \u201cautocontrol\u201d de las pasiones consumistas). El Patriarca, sin embargo, nos invit\u00f3 a considerar estos conceptos no solo en un sentido lit\u00fargico o mon\u00e1stico, sino como diferentes formas de hablar de la <em>comuni\u00f3n<\/em>. \u201cY es aqu\u00ed donde la visi\u00f3n de nuestro hermano el Papa Francisco -admiti\u00f3 emocionado- coincide con la visi\u00f3n del mundo que venimos proponiendo y promulgando desde hace m\u00e1s de treinta a\u00f1os. Ambos estamos convencidos de que lo que hacemos a nuestro mundo, \u201clo hacemos al m\u00e1s peque\u00f1o de nuestros hermanos\u201d(Mt 25,40), al igual que lo que hacemos a los dem\u00e1s lo hacemos a Dios mismo (cf. Mt 25,45). No es casualidad que inmediatamente despu\u00e9s de publicar la enc\u00edclica sobre el medio ambiente <em>Laudato Si<\/em>&#8216;, la siguiente enc\u00edclica del Papa Francisco fuera <em>Fratelli Tutti&#8217;<\/em>.\u201d  <img alt=\"\" alt=\"\" loading=\"lazy\" decoding=\"async\" class=\"alignright wp-image-249103\" src=\"https:\/\/www.focolare.org\/wp-content\/uploads\/2022\/06\/IMG_1732-e1654777178851-510x340.jpg\" alt=\"\" width=\"362\" height=\"241\" \/>De hecho, son muchas las declaraciones conjuntas del Papa y el Patriarca, junto con el Arzobispo de Canterbury, sobre la urgencia de la sostenibilidad ambiental, el impacto social y la importancia de la cooperaci\u00f3n global. Es lo que escribe tambi\u00e9n el Papa Francisco en la <em>Laudato Si<\/em>&#8216;: \u201cCuando no se reconoce en la realidad misma la importancia de un pobre, de un embri\u00f3n humano, de una persona con discapacidad&#8230;, dif\u00edcilmente se sabr\u00e1n escuchar los gritos de la naturaleza misma. Todo est\u00e1 conectado\u201d (n. 117). Y el Patriarca lo aclara contextualizando: \u201c<em>Conexiones<\/em> entre nosotros y toda la creaci\u00f3n de Dios, entre nuestra fe y nuestro accionar, entre nuestra teolog\u00eda y nuestra espiritualidad, entre lo que decimos y lo que hacemos; entre la ciencia y la religi\u00f3n, entre nuestras convicciones y cada disciplina; entre nuestra comuni\u00f3n sacramental y nuestra conciencia social; entre nuestra generaci\u00f3n y las generaciones futuras, entre nuestras dos iglesias, pero tambi\u00e9n con otras iglesias y otras comunidades de fe\u201d. S\u00ed, todo est\u00e1 conectado por un v\u00ednculo que solo el amor rec\u00edproco entre las personas puede hacer visible a cada hombre y mujer de este maravilloso planeta tierra. <\/p>\n<p style=\"text-align: right;\"><em>Vincenzo Di Pilato<\/em><\/p>\n<p style=\"text-align: right;\"><em>(Foto: Alfonso Zamuner)<\/em><\/p>\n","protected":false},"excerpt":{"rendered":"<p>\u00a0La V Cumbre de Halki, organizada conjuntamente por el Patriarcado de Constantinopla y el Instituto Universitario Sophia, se inaugur\u00f3 ayer, 8 de junio de 2022, en Turqu\u00eda.<\/p>\n","protected":false},"author":34,"featured_media":0,"comment_status":"open","ping_status":"open","sticky":false,"template":"","format":"standard","meta":{"give_campaign_id":0,"_seopress_robots_primary_cat":"","_seopress_titles_title":"","_seopress_titles_desc":"","_seopress_robots_index":"","_et_pb_use_builder":"","_et_pb_old_content":"","_et_gb_content_width":"","footnotes":""},"categories":[46],"tags":[],"class_list":["post-311788","post","type-post","status-publish","format-standard","hentry","category-sin-categorizar"],"_links":{"self":[{"href":"https:\/\/www.focolare.org\/es\/wp-json\/wp\/v2\/posts\/311788","targetHints":{"allow":["GET"]}}],"collection":[{"href":"https:\/\/www.focolare.org\/es\/wp-json\/wp\/v2\/posts"}],"about":[{"href":"https:\/\/www.focolare.org\/es\/wp-json\/wp\/v2\/types\/post"}],"author":[{"embeddable":true,"href":"https:\/\/www.focolare.org\/es\/wp-json\/wp\/v2\/users\/34"}],"replies":[{"embeddable":true,"href":"https:\/\/www.focolare.org\/es\/wp-json\/wp\/v2\/comments?post=311788"}],"version-history":[{"count":0,"href":"https:\/\/www.focolare.org\/es\/wp-json\/wp\/v2\/posts\/311788\/revisions"}],"wp:attachment":[{"href":"https:\/\/www.focolare.org\/es\/wp-json\/wp\/v2\/media?parent=311788"}],"wp:term":[{"taxonomy":"category","embeddable":true,"href":"https:\/\/www.focolare.org\/es\/wp-json\/wp\/v2\/categories?post=311788"},{"taxonomy":"post_tag","embeddable":true,"href":"https:\/\/www.focolare.org\/es\/wp-json\/wp\/v2\/tags?post=311788"}],"curies":[{"name":"wp","href":"https:\/\/api.w.org\/{rel}","templated":true}]}}