{"id":311832,"date":"2022-07-19T01:00:07","date_gmt":"2022-07-18T23:00:07","guid":{"rendered":"https:\/\/www.focolare.org\/argentina-aprendizaje-y-servicio-solidario-los-20-anos-de-clayss\/"},"modified":"2024-05-15T20:53:11","modified_gmt":"2024-05-15T18:53:11","slug":"argentina-aprendizaje-y-servicio-solidario-los-20-anos-de-clayss","status":"publish","type":"post","link":"https:\/\/www.focolare.org\/es\/argentina-aprendizaje-y-servicio-solidario-los-20-anos-de-clayss\/","title":{"rendered":"Argentina: Aprendizaje y Servicio Solidario: los 20 a\u00f1os de Clayss"},"content":{"rendered":"<p><em>El Aprendizaje y Servicio Solidario consiste en aprender y utilizar los conocimientos adquiridos durante las clases para transformar la realidad; y aprender en la realidad lo que no siempre se puede aprender en las clases. Clayss, con sede en Argentina, ha creado redes y alianzas con instituciones educativas de todo el mundo. <\/em>  Veinte a\u00f1os de trayectoria en la educaci\u00f3n no son pocos. Nacido como \u201cun sue\u00f1o loco\u201d en Buenos Aires en 2002, en plena crisis econ\u00f3mica y social, CLAYSS, el Centro Latinoamericano de Aprendizaje y Servicio Solidario, ha extendido su acci\u00f3n no s\u00f3lo al \u00e1rea latinoamericana sino tambi\u00e9n a muchos pa\u00edses de Europa, Asia y \u00c1frica. Una amplia red construida junto con instituciones educativas que involucra a todos los grupos de edad, desde el jard\u00edn de infancia hasta la universidad.  Para celebrar estos primeros 20 a\u00f1os, se organizaron 20 conferencias en 20 ciudades. Con motivo de la etapa en Roma, en la Universidad LUMSA, nos encontramos con Nieves Tapia, fundadora y directora de CLAYSS.  \u201cEl aprendizaje del servicio solidario &#8211; explica la profesora Tapia &#8211; combina la teor\u00eda con la pr\u00e1ctica, permitiendo tanto a los ni\u00f1os como a los j\u00f3venes universitarios aprender poniendo en pr\u00e1ctica lo que saben al servicio de los dem\u00e1s\u201d.  A finales de agosto se realizar\u00e1 en Buenos Aires el XXV Seminario Internacional de Aprendizaje y Servicio Solidario, mientras que ya se trabaja en la preparaci\u00f3n de una convenci\u00f3n que se celebrar\u00e1 en Roma en octubre, a la que se espera que participen aproximadamente un centenar de universidades cat\u00f3licas.  De hecho, \u201cUniservitate es un programa global para promover el aprendizaje y el servicio solidario en las instituciones cat\u00f3licas de educaci\u00f3n superior\u201d, dice Nieves Tapia. Y a\u00f1ade: <em>\u201cEl objetivo es generar un cambio sist\u00e9mico a trav\u00e9s de la institucionalizaci\u00f3n del Aprendizaje y el Servicio Solidario para que se conviertan en una herramienta para que las instituciones de educaci\u00f3n superior cumplan su misi\u00f3n, de ofrecer una educaci\u00f3n integral a las nuevas generaciones y de involucrarlas en un compromiso activo ante los problemas de nuestro tiempo\u201d<\/em>  La red mundial de Uniservitate est\u00e1 presente en 26 pa\u00edses de los 5 continentes a trav\u00e9s de asociaciones con m\u00e1s de 30 universidades e instituciones educativas. <\/p>\n<p style=\"text-align: right;\"><em>Carlos Mana<\/em><\/p>\n<p> Nuestra entrevista.  https:\/\/www.youtube.com\/watch?v=mzFTDiOJhJQ<\/p>\n","protected":false},"excerpt":{"rendered":"<p>El Aprendizaje y Servicio Solidario consiste en aprender y utilizar los conocimientos adquiridos durante las clases para transformar la realidad; y aprender en la realidad lo que no siempre se puede aprender en las clases. Clayss, con sede en Argentina, ha creado redes y alianzas con instituciones educativas de todo el mundo.<\/p>\n","protected":false},"author":33,"featured_media":0,"comment_status":"open","ping_status":"open","sticky":false,"template":"","format":"standard","meta":{"give_campaign_id":0,"_seopress_robots_primary_cat":"","_seopress_titles_title":"","_seopress_titles_desc":"","_seopress_robots_index":"","_et_pb_use_builder":"","_et_pb_old_content":"","_et_gb_content_width":"","footnotes":""},"categories":[46],"tags":[],"class_list":["post-311832","post","type-post","status-publish","format-standard","hentry","category-sin-categorizar"],"_links":{"self":[{"href":"https:\/\/www.focolare.org\/es\/wp-json\/wp\/v2\/posts\/311832","targetHints":{"allow":["GET"]}}],"collection":[{"href":"https:\/\/www.focolare.org\/es\/wp-json\/wp\/v2\/posts"}],"about":[{"href":"https:\/\/www.focolare.org\/es\/wp-json\/wp\/v2\/types\/post"}],"author":[{"embeddable":true,"href":"https:\/\/www.focolare.org\/es\/wp-json\/wp\/v2\/users\/33"}],"replies":[{"embeddable":true,"href":"https:\/\/www.focolare.org\/es\/wp-json\/wp\/v2\/comments?post=311832"}],"version-history":[{"count":0,"href":"https:\/\/www.focolare.org\/es\/wp-json\/wp\/v2\/posts\/311832\/revisions"}],"wp:attachment":[{"href":"https:\/\/www.focolare.org\/es\/wp-json\/wp\/v2\/media?parent=311832"}],"wp:term":[{"taxonomy":"category","embeddable":true,"href":"https:\/\/www.focolare.org\/es\/wp-json\/wp\/v2\/categories?post=311832"},{"taxonomy":"post_tag","embeddable":true,"href":"https:\/\/www.focolare.org\/es\/wp-json\/wp\/v2\/tags?post=311832"}],"curies":[{"name":"wp","href":"https:\/\/api.w.org\/{rel}","templated":true}]}}