{"id":311846,"date":"2022-08-05T01:00:07","date_gmt":"2022-08-04T23:00:07","guid":{"rendered":"https:\/\/www.focolare.org\/evangelio-vivido-senor-cuantas-veces-tendre-que-perdonar-a-mi-hermano-las-ofensas-que-me-haga-hasta-siete-veces-mt-1821\/"},"modified":"2024-05-15T20:53:13","modified_gmt":"2024-05-15T18:53:13","slug":"evangelio-vivido-senor-cuantas-veces-tendre-que-perdonar-a-mi-hermano-las-ofensas-que-me-haga-hasta-siete-veces-mt-1821","status":"publish","type":"post","link":"https:\/\/www.focolare.org\/es\/evangelio-vivido-senor-cuantas-veces-tendre-que-perdonar-a-mi-hermano-las-ofensas-que-me-haga-hasta-siete-veces-mt-1821\/","title":{"rendered":"Evangelio Vivido: Se\u00f1or, \u00bfcu\u00e1ntas veces tendr\u00e9 que perdonar a mi hermano las ofensas que me haga? \u00bfHasta siete veces? (Mt 18,21)"},"content":{"rendered":"<p><em>El perd\u00f3n es un ejercicio constante en nuestra vida diaria y es esa experiencia la que permite que el amor de Dios vuelva a ponernos de pie. Reconocernos perdonados es el punto de partida para intentar ser misericordiosos, abrir la mirada al otro y ser verdaderamente libres.<\/em>  <strong>Fila de espera<\/strong> Satisfecho por haber llegado a tiempo a la cita con el m\u00e9dico, de repente en la fila pasa una se\u00f1ora frente a m\u00ed como si nada. Dentro de m\u00ed la rebeli\u00f3n va en aumento y estoy a punto de hacerme o\u00edr, pero&#8230; al pensar en ciertas escenas de la guerra en Ucrania, de repente, decido transformar mis derechos en cortes\u00eda, en aceptaci\u00f3n. \u00a1Pero qu\u00e9 dif\u00edcil es dejar de lado la idea de lo que uno considera correcto! Luego, en casa cuento lo que me pas\u00f3 y tambi\u00e9n la lucha interior. Nuestra hija mayor, despu\u00e9s de un largo silencio, interviene contando la \u00faltima experiencia: ella tambi\u00e9n estaba en la fila de la secretar\u00eda de la Universidad y, ante un gesto descort\u00e9s de un estudiante maleducado, lo rega\u00f1\u00f3 fuertemente hasta avergonzarlo. \u201cTal vez me equivoqu\u00e9\u201d &#8211; a\u00f1ade. Terminamos diciendo que, grande o peque\u00f1a, la guerra acecha dentro de nosotros pero que es posible vencerla con el perd\u00f3n. (F.I. &#8211; Italia)  <strong>Una lecci\u00f3n para recordar<\/strong> Mi esposa es maestra y un d\u00eda, mientras ella estaba en la escuela, estando en casa, para sorprenderla, comenc\u00e9 a hacer esos peque\u00f1os arreglos y trabajos de limpieza que a veces con la apretada agenda descuidaba. Pens\u00e9 que ella lo disfrutar\u00eda, pero nada m\u00e1s llegar a casa se quej\u00f3 porque hab\u00eda encontrado la puerta de acceso abierta: \u201c\u00bfNo piensas en los ladrones?\u201d. Estaba confundido. No recordaba haberla dejada abierta, pero no quer\u00eda quejarme, as\u00ed que, aunque lo sent\u00eda, decid\u00ed no alimentar la ira. Por la tarde mi esposa me pidi\u00f3 hablar. Quer\u00eda ser perdonada: \u201cViendo cu\u00e1ntas cosas hiciste y pensando en c\u00f3mo te he reprochado una tonter\u00eda, me sent\u00ed humillada por mi ceguera. Con tu silencio me has dado una verdadera lecci\u00f3n\u201d. A los pocos d\u00edas me confi\u00f3 que, despu\u00e9s de haber contado lo que hab\u00eda pasado entre nosotros en la escuela, se hab\u00eda creado en la clase un clima de gran respeto como nunca antes. (L.D. &#8211; Hungr\u00eda) <\/p>\n<p style=\"text-align: right;\"><em>Maria Grazia Berretta<\/em><\/p>\n<p> <em>(Tomado de Il Vangelo del Giorno, Citt\u00e0 Nuova, a\u00f1o VIII, n.2, julio-agosto 2022)<\/em><\/p>\n","protected":false},"excerpt":{"rendered":"<p>El perd\u00f3n es un ejercicio constante en nuestra vida diaria y es esa experiencia la que permite que el amor de Dios vuelva a ponernos de pie. Reconocernos perdonados es el punto de partida para intentar ser misericordiosos, abrir la mirada al otro y ser verdaderamente libres.<\/p>\n","protected":false},"author":33,"featured_media":0,"comment_status":"open","ping_status":"open","sticky":false,"template":"","format":"standard","meta":{"give_campaign_id":0,"_seopress_robots_primary_cat":"","_seopress_titles_title":"","_seopress_titles_desc":"","_seopress_robots_index":"","_et_pb_use_builder":"","_et_pb_old_content":"","_et_gb_content_width":"","footnotes":""},"categories":[46],"tags":[],"class_list":["post-311846","post","type-post","status-publish","format-standard","hentry","category-sin-categorizar"],"_links":{"self":[{"href":"https:\/\/www.focolare.org\/es\/wp-json\/wp\/v2\/posts\/311846","targetHints":{"allow":["GET"]}}],"collection":[{"href":"https:\/\/www.focolare.org\/es\/wp-json\/wp\/v2\/posts"}],"about":[{"href":"https:\/\/www.focolare.org\/es\/wp-json\/wp\/v2\/types\/post"}],"author":[{"embeddable":true,"href":"https:\/\/www.focolare.org\/es\/wp-json\/wp\/v2\/users\/33"}],"replies":[{"embeddable":true,"href":"https:\/\/www.focolare.org\/es\/wp-json\/wp\/v2\/comments?post=311846"}],"version-history":[{"count":0,"href":"https:\/\/www.focolare.org\/es\/wp-json\/wp\/v2\/posts\/311846\/revisions"}],"wp:attachment":[{"href":"https:\/\/www.focolare.org\/es\/wp-json\/wp\/v2\/media?parent=311846"}],"wp:term":[{"taxonomy":"category","embeddable":true,"href":"https:\/\/www.focolare.org\/es\/wp-json\/wp\/v2\/categories?post=311846"},{"taxonomy":"post_tag","embeddable":true,"href":"https:\/\/www.focolare.org\/es\/wp-json\/wp\/v2\/tags?post=311846"}],"curies":[{"name":"wp","href":"https:\/\/api.w.org\/{rel}","templated":true}]}}