{"id":311856,"date":"2022-08-22T01:00:19","date_gmt":"2022-08-21T23:00:19","guid":{"rendered":"https:\/\/www.focolare.org\/chiara-lubich-seguir-el-camino-del-amor-como-jesus\/"},"modified":"2024-05-15T20:53:14","modified_gmt":"2024-05-15T18:53:14","slug":"chiara-lubich-seguir-el-camino-del-amor-como-jesus","status":"publish","type":"post","link":"https:\/\/www.focolare.org\/es\/chiara-lubich-seguir-el-camino-del-amor-como-jesus\/","title":{"rendered":"Chiara Lubich: seguir el camino del amor como Jes\u00fas"},"content":{"rendered":"<p><em>Durante la IV Jornada Mundial de la Juventud, realizada en Santiago de Compostela (Espa\u00f1a) en 1989, Chiara Lubich expuso un tema titulado \u201cJes\u00fas es el Camino\u201d. Hemos elegido un fragmento de este, en el que invita a todos a poner en marcha la fuerza transformadora del amor como hizo el mismo Jes\u00fas. <\/em>  (Jes\u00fas) Hijo de Dios, que es Amor, vino a la tierra por amor, vivi\u00f3 por amor, irradiando amor, donando amor, llevando la ley del amor y muri\u00f3 por amor. Despu\u00e9s resucit\u00f3 y subi\u00f3 al Cielo, cumpliendo as\u00ed su designio de amor.  Todo por amor hacia ustedes, hacia m\u00ed, hacia todos.  Podemos decir entonces que el camino recorrido por Jes\u00fas tiene un nombre: amor. Y que nosotros para seguirlo, debemos recorrer este camino: el camino del amor.  Amor.  Alguno de ustedes podr\u00e1 preguntarse: \u00bfQu\u00e9 tipo de amor ten\u00eda Jes\u00fas en su coraz\u00f3n? \u00bfCon qu\u00e9 amor actu\u00f3? \u00bfC\u00f3mo es el amor que dej\u00f3 aqu\u00ed en la tierra?  El amor que Jes\u00fas vivi\u00f3 y que nos trajo es un amor especial y \u00fanico. No es un amor como ustedes podr\u00edan imaginarlo. No es filantrop\u00eda, por ejemplo, ni simplemente solidaridad o benevolencia; no es pura amistad o afecto (como el que una chica puede sentir por un chico o una madre por su hijo); y tampoco es la no-violencia. Es algo excepcional, o mejor, divino: Es el mismo amor que arde en Dios. A nosotros Jes\u00fas nos ha dado una llama de ese incendio infinito, un rayo de aquel inmenso sol. Es algo extraordinario en lo que pensamos poco y que, si lo tom\u00e1ramos en consideraci\u00f3n, nos har\u00eda potentes (\u2026)  Tenemos que hacer fructificar este amor. \u00bfDe qu\u00e9 manera? Amando. <\/p>\n<p style=\"text-align: right;\"><em>Chiara Lubich<\/em><\/p>\n<p> (Chiara Lubich <em>\u201cJes\u00fas es el Camino\u201d. <\/em>Discurso a los j\u00f3venes participantes en la JMJ, Santiago de Compostela 16 de agosto de 1989)<\/p>\n","protected":false},"excerpt":{"rendered":"<p>Durante la IV Giornata Mondiale della Giovent\u00f9, svoltasi a Santiago di Compostela (Spagna) nel 1989, Chiara Lubich tenne un tema dal titolo \u201cGes\u00f9 \u00e8 la via\u201d. Ne abbiamo scelto uno stralcio nel quale invita a tutti a mettere in azione la forza trasformatrice dell\u2019amore come ha fatto Ges\u00f9 stesso.<\/p>\n","protected":false},"author":34,"featured_media":0,"comment_status":"open","ping_status":"open","sticky":false,"template":"","format":"standard","meta":{"give_campaign_id":0,"_seopress_robots_primary_cat":"","_seopress_titles_title":"","_seopress_titles_desc":"","_seopress_robots_index":"","_et_pb_use_builder":"","_et_pb_old_content":"","_et_gb_content_width":"","footnotes":""},"categories":[46],"tags":[],"class_list":["post-311856","post","type-post","status-publish","format-standard","hentry","category-sin-categorizar"],"_links":{"self":[{"href":"https:\/\/www.focolare.org\/es\/wp-json\/wp\/v2\/posts\/311856","targetHints":{"allow":["GET"]}}],"collection":[{"href":"https:\/\/www.focolare.org\/es\/wp-json\/wp\/v2\/posts"}],"about":[{"href":"https:\/\/www.focolare.org\/es\/wp-json\/wp\/v2\/types\/post"}],"author":[{"embeddable":true,"href":"https:\/\/www.focolare.org\/es\/wp-json\/wp\/v2\/users\/34"}],"replies":[{"embeddable":true,"href":"https:\/\/www.focolare.org\/es\/wp-json\/wp\/v2\/comments?post=311856"}],"version-history":[{"count":0,"href":"https:\/\/www.focolare.org\/es\/wp-json\/wp\/v2\/posts\/311856\/revisions"}],"wp:attachment":[{"href":"https:\/\/www.focolare.org\/es\/wp-json\/wp\/v2\/media?parent=311856"}],"wp:term":[{"taxonomy":"category","embeddable":true,"href":"https:\/\/www.focolare.org\/es\/wp-json\/wp\/v2\/categories?post=311856"},{"taxonomy":"post_tag","embeddable":true,"href":"https:\/\/www.focolare.org\/es\/wp-json\/wp\/v2\/tags?post=311856"}],"curies":[{"name":"wp","href":"https:\/\/api.w.org\/{rel}","templated":true}]}}