{"id":311858,"date":"2022-08-22T13:04:51","date_gmt":"2022-08-22T11:04:51","guid":{"rendered":"https:\/\/www.focolare.org\/instituto-universitario-sophia-el-prof-declan-obyrne-ha-sido-nombrado-rector-en-funciones\/"},"modified":"2024-05-15T20:53:16","modified_gmt":"2024-05-15T18:53:16","slug":"instituto-universitario-sophia-el-prof-declan-obyrne-ha-sido-nombrado-rector-en-funciones","status":"publish","type":"post","link":"https:\/\/www.focolare.org\/es\/instituto-universitario-sophia-el-prof-declan-obyrne-ha-sido-nombrado-rector-en-funciones\/","title":{"rendered":"Instituto Universitario Sophia: El Prof. Declan O\u2019Byrne ha sido nombrado Rector en funciones"},"content":{"rendered":"<p>El profesor Giuseppe Argiolas ha presentado su dimisi\u00f3n como Rector del Instituto Universitario Sophia \u201cpor motivos personales\u201d. El actual Vicerrector, Prof. Declan O&#8217;Byrne, ha sido nombrado Rector en funciones y desarrollar\u00e1 su servicio hasta el final natural del mandato, es decir, enero de 2024. La Vice Gran Canciller Margaret Karram, Presidenta del Movimiento de los Focolares, escribe a la comunidad acad\u00e9mica del Instituto: \u201cLes pido a todos la m\u00e1xima colaboraci\u00f3n con el Prof. Declan O&#8217;Byrne, que ha aceptado el cargo que le ha asignado la Congregaci\u00f3n de la Educaci\u00f3n Cat\u00f3lica, a fin de que el Instituto Universitario Sophia pueda seguir prestando su servicio de ense\u00f1anza, investigaci\u00f3n y compromiso cultural con la debida profesionalidad y diligencia. Agradezco al profesor Argiolas su compromiso y el trabajo que ha asumido para hacer progresar Sophia, sobre todo en tiempos tan dif\u00edciles como los de la pandemia 2020-2022, y conf\u00edo a la responsabilidad de toda la comunidad acad\u00e9mica el \u00e9xito del nuevo curso acad\u00e9mico que comienza\u201d. Los profesores y el personal del IUS se unen a la Vice Gran Canciller para agradecer al Prof. Argiolas por su gran dedicaci\u00f3n al servicio del Instituto.<\/p>\n","protected":false},"excerpt":{"rendered":"<p>El profesor Giuseppe Argiolas ha presentado su dimisi\u00f3n como Rector del Instituto Universitario Sophia \u00abpor motivos personales\u00bb. El actual Vicerrector, Prof. Declan O&#8217;Byrne, ha sido nombrado Rector en funciones<\/p>\n","protected":false},"author":34,"featured_media":0,"comment_status":"open","ping_status":"open","sticky":false,"template":"","format":"standard","meta":{"give_campaign_id":0,"_seopress_robots_primary_cat":"","_seopress_titles_title":"","_seopress_titles_desc":"","_seopress_robots_index":"","_et_pb_use_builder":"","_et_pb_old_content":"","_et_gb_content_width":"","footnotes":""},"categories":[46],"tags":[],"class_list":["post-311858","post","type-post","status-publish","format-standard","hentry","category-sin-categorizar"],"_links":{"self":[{"href":"https:\/\/www.focolare.org\/es\/wp-json\/wp\/v2\/posts\/311858","targetHints":{"allow":["GET"]}}],"collection":[{"href":"https:\/\/www.focolare.org\/es\/wp-json\/wp\/v2\/posts"}],"about":[{"href":"https:\/\/www.focolare.org\/es\/wp-json\/wp\/v2\/types\/post"}],"author":[{"embeddable":true,"href":"https:\/\/www.focolare.org\/es\/wp-json\/wp\/v2\/users\/34"}],"replies":[{"embeddable":true,"href":"https:\/\/www.focolare.org\/es\/wp-json\/wp\/v2\/comments?post=311858"}],"version-history":[{"count":0,"href":"https:\/\/www.focolare.org\/es\/wp-json\/wp\/v2\/posts\/311858\/revisions"}],"wp:attachment":[{"href":"https:\/\/www.focolare.org\/es\/wp-json\/wp\/v2\/media?parent=311858"}],"wp:term":[{"taxonomy":"category","embeddable":true,"href":"https:\/\/www.focolare.org\/es\/wp-json\/wp\/v2\/categories?post=311858"},{"taxonomy":"post_tag","embeddable":true,"href":"https:\/\/www.focolare.org\/es\/wp-json\/wp\/v2\/tags?post=311858"}],"curies":[{"name":"wp","href":"https:\/\/api.w.org\/{rel}","templated":true}]}}