{"id":311860,"date":"2022-08-25T01:00:09","date_gmt":"2022-08-24T23:00:09","guid":{"rendered":"https:\/\/www.focolare.org\/brasil-mariapolis-ginetta-50-anos-de-dialogo-y-unidad-con-la-sociedad\/"},"modified":"2024-05-15T20:53:16","modified_gmt":"2024-05-15T18:53:16","slug":"brasil-mariapolis-ginetta-50-anos-de-dialogo-y-unidad-con-la-sociedad","status":"publish","type":"post","link":"https:\/\/www.focolare.org\/es\/brasil-mariapolis-ginetta-50-anos-de-dialogo-y-unidad-con-la-sociedad\/","title":{"rendered":"Brasil, Mari\u00e1polis Ginetta: 50 a\u00f1os de di\u00e1logo y unidad con la sociedad"},"content":{"rendered":"<p><em>La Mari\u00e1polis Ginetta ha celebrado sus bodas de oro el 15 de agosto de 2022. El sue\u00f1o de los pioneros hoy es una realidad: un faro de unidad, di\u00e1logo y una nueva sociedad para todos.<\/em>  Desde su g\u00e9nesis, la Iglesia cat\u00f3lica ha tratado de vivir de diversos modos el mandato de Jes\u00fas en la llamada oraci\u00f3n sacerdotal: \u201cPadre, que sean uno, como nosotros somos uno\u201d (cf. <em>Jn<\/em> 17-21). La unidad y el di\u00e1logo siguen siendo hoy la base de las acciones y de las teor\u00edas eclesiales, y fue precisamente durante la Segunda Guerra Mundial, en la ciudad de Trento, en Italia, cuando Chiara Lubich, con veinti\u00fan a\u00f1os, comprendi\u00f3 que quer\u00eda vivir y difundir la unidad entre todos los pueblos del mundo, creyentes y no creyentes. En Brasil, a trav\u00e9s de la Mari\u00e1polis Ginetta, esta misi\u00f3n ha sido fruct\u00edfera durante los \u00faltimos 50 a\u00f1os.  <strong>La \u201cciudad sobre el monte\u201d<\/strong>  <img alt=\"\" alt=\"\" loading=\"lazy\" decoding=\"async\" class=\"alignright size-medium wp-image-250142\" src=\"https:\/\/www.focolare.org\/wp-content\/uploads\/2022\/08\/f871ca_ae89979f19f54beba620f24026687dd7_mv2-453x340.webp\" alt=\"\" width=\"453\" height=\"340\" \/>Al fundar el Movimiento de los Focolares, y siguiendo el ejemplo de sus experiencias, Chiara pens\u00f3 que ser\u00eda bueno crear ciudades visibles y luminosas ubicadas \u201csobre el monte\u201d, que fueran verdaderos faros para la sociedad, donde pudieran vivir el amor rec\u00edproco en comuni\u00f3n, el Evangelio y la presencia constante de Dios. En el mundo existen hoy 35 Mari\u00e1polis, como se llaman las Ciudadelas nacidas de los Focolares. Tres de ellas est\u00e1n ubicadas en Brasil: la Mari\u00e1polis Santa Mar\u00eda cerca de Recife, la Mari\u00e1polis Gloria cerca de Belem y la Mari\u00e1polis Ginetta, ubicada en el Estado de San Paulo, en la Vargem Grande Paulista que, en el d\u00eda de la Fiesta de la Asunci\u00f3n, el 15 de agosto celebr\u00f3 sus bodas de oro.  <strong>La Mari\u00e1polis Ginetta<\/strong>  Fruto de la providencia de Dios, testimoniada por muchas acciones, ha sido lugar de encuentro espiritual y social para miles de personas en todo el mundo.  Habitada por familias, personas consagradas, laicos, sacerdotes e incluso personas de otras confesiones religiosas, la ciudad faro, es un espacio donde cada visitante puede hacer una experiencia de Dios.  Karina Gon\u00e7alves Sobral, que vive con su esposo y sus dos hijas en la comunidad, subraya la importancia de la espiritualidad de la unidad y los valores contenidos en la cultura local: \u201cLa Mari\u00e1polis tiene como misi\u00f3n ser un lugar de encuentro, una casa abierta a todos. Y es verdaderamente para todos. Quien viene aqu\u00ed debe sentirse acogido. La acogida es parte de nuestro carisma\u201d.  \u201cAnte los diversos terrenos que hab\u00edamos propuesto hace cincuenta a\u00f1os, este en Vargem Grande realmente parec\u00eda tener las caracter\u00edsticas adecuadas para ser un espacio fecundo, donde podemos encarnar visiblemente el Ideal de la unidad. Aqu\u00ed nos hemos establecido y hoy celebramos un hito importante\u201d, dice Maria do Socorro Pimentel, una focolarina que vive en la ciudadela desde hace m\u00e1s de 40 a\u00f1os.  <strong>La presencia de la fundadora<\/strong>  <img alt=\"\" alt=\"\" loading=\"lazy\" decoding=\"async\" class=\"alignright size-medium wp-image-250141\" src=\"https:\/\/www.focolare.org\/wp-content\/uploads\/2022\/08\/WhatsApp-Image-2022-05-05-at-21.43.41-1-1024x966-1-360x340.jpeg\" alt=\"\" width=\"360\" height=\"340\" \/><img alt=\"\" alt=\"\" loading=\"lazy\" decoding=\"async\" class=\"alignleft size-medium wp-image-250139\" src=\"https:\/\/www.focolare.org\/wp-content\/uploads\/2022\/08\/279633435_562970621853396_4125157045819676192_n-206x340.jpg\" alt=\"\" width=\"206\" height=\"340\" \/>Chiara Lubich visit\u00f3 varias veces la Mari\u00e1polis Ginetta y en uno de sus viajes, en 1991, al encontrarse con la gran desigualdad social de la poblaci\u00f3n brasile\u00f1a, se inspir\u00f3 particularmente y es aqu\u00ed donde cre\u00f3 la Econom\u00eda de Comuni\u00f3n, cuyo principal objetivo es el de desarrollar una red de empresas que comparten sus ganancias, contraponiendo a la cultura del tener con la cultura del dar.  La Mari\u00e1polis toma su nombre de una de las primeras compa\u00f1eras de Chiara Lubich, la Sierva de Dios Ginetta Calliari, una de las m\u00e1s grandes impulsoras de la construcci\u00f3n de esta \u201cciudad sobre el monte\u201d y corresponsable del inicio del Movimiento de los Focolares en Brasil. Su cuerpo est\u00e1 enterrado en el cementerio de la Ciudadela, donde acuden varios fieles a pedir gracias.  <strong>Reconocimiento<\/strong>  Ya en mayo de 2022 el Municipio de Vargem Grande Paulista ha reconocido el trabajo social y espiritual realizado por el Movimiento de los Focolares en la ciudad y la importancia no solo de su Centro Mari\u00e1polis, sino de todas las obras que se realizan y que involucran a ni\u00f1os, adolescentes y j\u00f3venes. No hay que olvidar el trabajo de los albergues para personas sin hogar y su Sistema de Comunicaci\u00f3n, que trajo inversiones, alianzas y notoriedad al municipio.  Con motivo de la Santa Misa celebrada el lunes 15 de agosto de 2022 por Don Jo\u00e3o Bosco, obispo de Osasco, el Papa Francisco envi\u00f3 la Bendici\u00f3n Apost\u00f3lica escrita en se\u00f1al de agradecimiento por esta misi\u00f3n realizada por el Movimiento de los Focolares en la ciudad, en el Estado de San Paolo y en todo Brasil. <\/p>\n<p style=\"text-align: right;\"><em>Ronnaldh Oliveira <\/em><em>(de un art\u00edculo publicado en cancaonova.com)<\/em><\/p>\n","protected":false},"excerpt":{"rendered":"<p>La Mari\u00e1polis Ginetta ha celebrado sus bodas de oro el 15 de agosto de 2022. El sue\u00f1o de los pioneros hoy es una realidad: un faro de unidad, di\u00e1logo y una nueva sociedad para todos.<\/p>\n","protected":false},"author":33,"featured_media":0,"comment_status":"open","ping_status":"open","sticky":false,"template":"","format":"standard","meta":{"give_campaign_id":0,"_seopress_robots_primary_cat":"","_seopress_titles_title":"","_seopress_titles_desc":"","_seopress_robots_index":"","_et_pb_use_builder":"","_et_pb_old_content":"","_et_gb_content_width":"","footnotes":""},"categories":[904],"tags":[],"class_list":["post-311860","post","type-post","status-publish","format-standard","hentry","category-focolare-worldwide-2-2"],"_links":{"self":[{"href":"https:\/\/www.focolare.org\/es\/wp-json\/wp\/v2\/posts\/311860","targetHints":{"allow":["GET"]}}],"collection":[{"href":"https:\/\/www.focolare.org\/es\/wp-json\/wp\/v2\/posts"}],"about":[{"href":"https:\/\/www.focolare.org\/es\/wp-json\/wp\/v2\/types\/post"}],"author":[{"embeddable":true,"href":"https:\/\/www.focolare.org\/es\/wp-json\/wp\/v2\/users\/33"}],"replies":[{"embeddable":true,"href":"https:\/\/www.focolare.org\/es\/wp-json\/wp\/v2\/comments?post=311860"}],"version-history":[{"count":0,"href":"https:\/\/www.focolare.org\/es\/wp-json\/wp\/v2\/posts\/311860\/revisions"}],"wp:attachment":[{"href":"https:\/\/www.focolare.org\/es\/wp-json\/wp\/v2\/media?parent=311860"}],"wp:term":[{"taxonomy":"category","embeddable":true,"href":"https:\/\/www.focolare.org\/es\/wp-json\/wp\/v2\/categories?post=311860"},{"taxonomy":"post_tag","embeddable":true,"href":"https:\/\/www.focolare.org\/es\/wp-json\/wp\/v2\/tags?post=311860"}],"curies":[{"name":"wp","href":"https:\/\/api.w.org\/{rel}","templated":true}]}}