{"id":311894,"date":"2022-10-12T01:00:03","date_gmt":"2022-10-11T23:00:03","guid":{"rendered":"https:\/\/www.focolare.org\/evangelio-vivido-de-hecho-dios-no-nos-ha-dado-un-espiritu-de-timidez-sino-de-fuerza-de-caridad-y-de-prudencia-2tm-1-7\/"},"modified":"2024-05-15T20:53:21","modified_gmt":"2024-05-15T18:53:21","slug":"evangelio-vivido-de-hecho-dios-no-nos-ha-dado-un-espiritu-de-timidez-sino-de-fuerza-de-caridad-y-de-prudencia-2tm-1-7","status":"publish","type":"post","link":"https:\/\/www.focolare.org\/es\/evangelio-vivido-de-hecho-dios-no-nos-ha-dado-un-espiritu-de-timidez-sino-de-fuerza-de-caridad-y-de-prudencia-2tm-1-7\/","title":{"rendered":"Evangelio Vivido: \u201cDe hecho Dios no nos ha dado un esp\u00edritu de timidez, sino de fuerza, de caridad y de prudencia\u201d (2Tm. 1, 7)"},"content":{"rendered":"<p><em>Ser testigos aut\u00e9nticos sin resignarnos nunca. Vivir el Evangelio en la vida de todos los d\u00edas nos exigen esto, poner de lado nuestros temores e ir m\u00e1s all\u00e1 de nuestros l\u00edmites o de nuestras convicciones; confiar en los dones que Dios nos ha dado porque all\u00ed reside nuestra fuerza.<\/em>  <strong>Sin rencor<\/strong> La Misa estaba concluyendo. Mientras el Padre Carlos, nuestro p\u00e1rroco, impart\u00eda una bendici\u00f3n especial a uno de los parroquianos que estaba cumpliendo noventa a\u00f1os, yo intentaba sacar una foto de la escena.\u00a0 Tambi\u00e9n estaba presente en la ceremonia su hermana, que hab\u00eda venido por la ocasi\u00f3n desde la Suiza francesa. A la salida de la iglesia me acerqu\u00e9 a ella y le ped\u00ed su n\u00famero de celular para poder mandarle toda la serie de fotos. Me lo dio con mucho gusto, agradeciendo. M\u00e1s tarde me llam\u00f3 a mi casa, mientras yo no estaba; le respondi\u00f3 mi esposo, quien a mi regreso me dijo: \u201c\u00bfPero t\u00fa hablas con esa persona a pesar de todo lo que nos hizo?\u201d. Se refer\u00eda a viejos desencuentros entre esa se\u00f1ora y nosotros. \u201c\u00a1Claro! -le respond\u00ed-. No quiero irme de este mundo guardando rencor a nadie. La verdad es que somos todos hermanos, aunque algunas veces se nos olvida\u201d. Mi marido no replic\u00f3 nada, pero por un tiempo lo vi m\u00e1s bien pensativo. (Loredana \u2013 Suiza)  <strong>El examen<\/strong> Vivo en Florencia con otros cuatro amigos, que tambi\u00e9n son estudiantes universitarios y, como yo, desean modelar su vida de acuerdo al ejemplo que nos dio Jes\u00fas. El apartamento donde vivimos es muy h\u00famedo y para calentarnos usamos una estufa de le\u00f1a. No es la \u00fanica dificultad, pero sin embargo es un incentivo para querernos aut\u00e9nticamente. Por ejemplo, con el compa\u00f1ero con el que estaba preparando un examen ten\u00edamos tiempos y m\u00e9todos diferentes. Quer\u00eda desistir y proponerle que cada uno estudiara por su cuenta. Pero cuando habl\u00e9 con los otros chicos me aconsejaron que siguiera insistiendo, que intentara comprender mejor a mi compa\u00f1ero de estudios. Entend\u00ed que ten\u00eda que seguir am\u00e1ndolo. No faltaron los momentos de tensi\u00f3n y des\u00e1nimo, pero \u00e9l me dec\u00eda que le gustaba venir a estudiar a nuestra casa, porque hab\u00eda un clima distinto. Al final, nos fue bien en el examen y \u00e9l quiso que lo festej\u00e1ramos en la pizzer\u00eda, pero no solo conmigo sino con todos nosotros y dijo: \u201cel examen superado es el fruto de querernos, pero tambi\u00e9n de la compresi\u00f3n de tus amigos\u201d. (Gioacchino \u2013 Italia) <\/p>\n<p style=\"text-align: right;\"><em>A cargo de Maria Grazia Berretta<\/em><\/p>\n<p> <em>(Tomado de\u201d\u00a0Il Vangelo del Giorno\u201d (El Evangelio del D\u00eda), Citt\u00e0 Nuova, a\u00f1o VIII, n.2, septiembre &#8211; octubre 2022)<\/em><\/p>\n","protected":false},"excerpt":{"rendered":"<p>Ser testigos aut\u00e9nticos sin resignarnos nunca. Vivir el Evangelio en la vida de todos los d\u00edas nos exigen esto, poner de lado nuestros temores e ir m\u00e1s all\u00e1 de nuestros l\u00edmites o de nuestras convicciones; confiar en los dones que Dios nos ha dado porque all\u00ed reside nuestra fuerza.<\/p>\n","protected":false},"author":33,"featured_media":0,"comment_status":"open","ping_status":"open","sticky":false,"template":"","format":"standard","meta":{"give_campaign_id":0,"_seopress_robots_primary_cat":"","_seopress_titles_title":"","_seopress_titles_desc":"","_seopress_robots_index":"","_et_pb_use_builder":"","_et_pb_old_content":"","_et_gb_content_width":"","footnotes":""},"categories":[905],"tags":[],"class_list":["post-311894","post","type-post","status-publish","format-standard","hentry","category-senza-categoria-2-2"],"_links":{"self":[{"href":"https:\/\/www.focolare.org\/es\/wp-json\/wp\/v2\/posts\/311894","targetHints":{"allow":["GET"]}}],"collection":[{"href":"https:\/\/www.focolare.org\/es\/wp-json\/wp\/v2\/posts"}],"about":[{"href":"https:\/\/www.focolare.org\/es\/wp-json\/wp\/v2\/types\/post"}],"author":[{"embeddable":true,"href":"https:\/\/www.focolare.org\/es\/wp-json\/wp\/v2\/users\/33"}],"replies":[{"embeddable":true,"href":"https:\/\/www.focolare.org\/es\/wp-json\/wp\/v2\/comments?post=311894"}],"version-history":[{"count":0,"href":"https:\/\/www.focolare.org\/es\/wp-json\/wp\/v2\/posts\/311894\/revisions"}],"wp:attachment":[{"href":"https:\/\/www.focolare.org\/es\/wp-json\/wp\/v2\/media?parent=311894"}],"wp:term":[{"taxonomy":"category","embeddable":true,"href":"https:\/\/www.focolare.org\/es\/wp-json\/wp\/v2\/categories?post=311894"},{"taxonomy":"post_tag","embeddable":true,"href":"https:\/\/www.focolare.org\/es\/wp-json\/wp\/v2\/tags?post=311894"}],"curies":[{"name":"wp","href":"https:\/\/api.w.org\/{rel}","templated":true}]}}