{"id":311912,"date":"2022-11-13T02:00:49","date_gmt":"2022-11-13T01:00:49","guid":{"rendered":"https:\/\/www.focolare.org\/cop27-la-carta-para-detener-los-combustibles-fosiles\/"},"modified":"2024-05-15T20:53:23","modified_gmt":"2024-05-15T18:53:23","slug":"cop27-la-carta-para-detener-los-combustibles-fosiles","status":"publish","type":"post","link":"https:\/\/www.focolare.org\/es\/cop27-la-carta-para-detener-los-combustibles-fosiles\/","title":{"rendered":"COP27: La carta para detener los combustibles f\u00f3siles"},"content":{"rendered":"<p><em>El Movimiento de los Focolares adhiere al \u201cTratado de no proliferaci\u00f3n de los combustibles f\u00f3siles\u201d, suscrito por el Dicasterio vaticano para el Servicio del Desarrollo Humano Integral, por el Parlamento Europeo, por el Parlamento de las religiones mundiales y por m\u00e1s de 2900 entre cient\u00edficos, acad\u00e9micos, asociaciones y representantes de los distintos credos religiosos.<\/em>  \u201cNosostros, los que suscribimos, invitamos a los gobiernos de todo el mundo a adoptar y poner en pr\u00e1ctica con urgencia un \u00a0<a href=\"https:\/\/fossilfueltreaty.org\/esp\" target=\"_blank\" rel=\"noopener\">Tratado de no proliferaci\u00f3n de los combustibles f\u00f3siles<\/a>, \u00a0para proteger la vida y los medios de subsistencia de las generaciones presentes y futuras a trav\u00e9s de una gradual y equitativa eliminaci\u00f3n de los combustibles f\u00f3siles en la l\u00ednea del consenso cient\u00edfico de no superar el 1,5\u00baC de calentamiento\u201d.  \u00c9stas han sido las palabras de introducci\u00f3n a la carta firmada por m\u00e1s de 2900 entre cient\u00edficos, acad\u00e9micos, asociaciones y representantes de los distintos credos religiosos, por el Dicasterio vaticano para el Servicio del Desarrollo Humano Integral y el Parlamento Europeo a la que tambi\u00e9n ha adherido el Movimiento de los Focolares para pedir a los l\u00edderes mundiales un Tratado de no proliferaci\u00f3n de los combustibles f\u00f3siles.  Petr\u00f3leo, gas y carb\u00f3n son la causa principal de la crisis clim\u00e1tica.\u00a0 El mundo tiene ya suficiente potencial de energ\u00eda renovable para expandir c\u00f3modamente el acceso a la energ\u00eda por parte de todos.\u00a0 Sin embargo, la dependencia de los combustibles f\u00f3siles contin\u00faa mientras los expertos lanzan la alarma acerca del da\u00f1o que causan a nuestra salud p\u00fablica, a la biodiversidad, a la paz en el mundo y a nuestro clima.  A pesar de que el <strong>acuerdo de Par\u00eds <\/strong>ha fijado un objetivo clim\u00e1tico global crucial, muchos gobiernos han seguido aprobando nuevas extracciones de carb\u00f3n, petr\u00f3leo\u00a0 y gas, por m\u00e1s que quemar esos combustibles f\u00f3siles implicar\u00eda emisiones siete veces superiores a las que son compatibles con el mantenimiento del calentamiento por debajo de 1,5\u00b0C.  Para alcanzar los objetivos del acuerdo de Par\u00eds, se requiere la cooperaci\u00f3n internacional para detener expl\u00edcitamente la expansi\u00f3n de los combustibles f\u00f3siles. \u00c9ste es el motivo por el que se est\u00e1 desarrollando un notable impulso a la propuesta de un Tratado de no proliferaci\u00f3n de los combustibles f\u00f3siles.  El lunes 7 de noviembre de 2022 en Sharm-el-Sheikh, Egipto, se inici\u00f3 la <strong>COP27<\/strong>, la conferencia mundial sobre el clima, con la participaci\u00f3n de m\u00e1s de \u00a0140 jefes de estado y de gobierno.\u00a0 Durante ese evento se llev\u00f3 a cabo un congreso cuyo t\u00edtulo era \u201cEl derecho a un ambiente sano: fe y perspectivas \u00e9ticas\u201d organizado por el <a href=\"https:\/\/parliamentofreligions.org\/\">Parlamento de las religiones mundiales<\/a>, en colaboraci\u00f3n con la <a href=\"https:\/\/www.unep.org\/al-mizan-covenant-earth\">UNEP Al-Mizan<\/a> (proyecto de las Naciones Unidas con distintas organizaciones isl\u00e1micas sobre el ambiente).  El derecho a un ambiente sano se encuentra sostenido por las ense\u00f1anzas \u00e9ticas de las tradiciones de fe del mundo sobre la justicia y la valoraci\u00f3n de la naturaleza. Expertos y l\u00edderes religiosos intercambiaron ideas sobre este tema desde el punto de vista de la \u00e9tica religiosa y de los valores compartidos, de la cultura y de la defensa, y les piden a los l\u00edderes mundiales reunidos en Egipto que suscriban el <a href=\"https:\/\/fossilfueltreaty.org\/esp\" target=\"_blank\" rel=\"noopener\">Tratado de no proliferaci\u00f3n de los combustibles f\u00f3siles.<\/a> <\/p>\n<p style=\"text-align: right;\"><em>\u00a0<\/em><em>Lorenzo Russo<\/em><\/p>\n","protected":false},"excerpt":{"rendered":"<p>El Movimiento de los Focolares adhiere al \u201cTratado de no proliferaci\u00f3n de los combustibles f\u00f3siles\u201d, suscrito por el Dicasterio vaticano para el Servicio del Desarrollo Humano Integral, por el Parlamento Europeo, por el Parlamento de las religiones mundiales y por m\u00e1s de 2900 entre cient\u00edficos, acad\u00e9micos, asociaciones y representantes de los distintos credos religiosos.<\/p>\n","protected":false},"author":34,"featured_media":0,"comment_status":"open","ping_status":"open","sticky":false,"template":"","format":"standard","meta":{"give_campaign_id":0,"_seopress_robots_primary_cat":"","_seopress_titles_title":"","_seopress_titles_desc":"","_seopress_robots_index":"","_et_pb_use_builder":"","_et_pb_old_content":"","_et_gb_content_width":"","footnotes":""},"categories":[46],"tags":[],"class_list":["post-311912","post","type-post","status-publish","format-standard","hentry","category-sin-categorizar"],"_links":{"self":[{"href":"https:\/\/www.focolare.org\/es\/wp-json\/wp\/v2\/posts\/311912","targetHints":{"allow":["GET"]}}],"collection":[{"href":"https:\/\/www.focolare.org\/es\/wp-json\/wp\/v2\/posts"}],"about":[{"href":"https:\/\/www.focolare.org\/es\/wp-json\/wp\/v2\/types\/post"}],"author":[{"embeddable":true,"href":"https:\/\/www.focolare.org\/es\/wp-json\/wp\/v2\/users\/34"}],"replies":[{"embeddable":true,"href":"https:\/\/www.focolare.org\/es\/wp-json\/wp\/v2\/comments?post=311912"}],"version-history":[{"count":0,"href":"https:\/\/www.focolare.org\/es\/wp-json\/wp\/v2\/posts\/311912\/revisions"}],"wp:attachment":[{"href":"https:\/\/www.focolare.org\/es\/wp-json\/wp\/v2\/media?parent=311912"}],"wp:term":[{"taxonomy":"category","embeddable":true,"href":"https:\/\/www.focolare.org\/es\/wp-json\/wp\/v2\/categories?post=311912"},{"taxonomy":"post_tag","embeddable":true,"href":"https:\/\/www.focolare.org\/es\/wp-json\/wp\/v2\/tags?post=311912"}],"curies":[{"name":"wp","href":"https:\/\/api.w.org\/{rel}","templated":true}]}}