{"id":311924,"date":"2022-11-22T03:00:49","date_gmt":"2022-11-22T02:00:49","guid":{"rendered":"https:\/\/www.focolare.org\/evangelio-vivido-felices-los-misericordiosos-porque-encontraran-misericordia-mateo-5-7\/"},"modified":"2024-05-15T20:53:26","modified_gmt":"2024-05-15T18:53:26","slug":"evangelio-vivido-felices-los-misericordiosos-porque-encontraran-misericordia-mateo-5-7","status":"publish","type":"post","link":"https:\/\/www.focolare.org\/es\/evangelio-vivido-felices-los-misericordiosos-porque-encontraran-misericordia-mateo-5-7\/","title":{"rendered":"Evangelio vivido: \u201cFelices los misericordiosos, porque encontrar\u00e1n misericordia\u201d (Mateo 5, 7)"},"content":{"rendered":"<p><em>El misericordioso es capaz de perdonar al otro y a menudo tambi\u00e9n de perdonarse a s\u00ed mismo. Sin embargo, la misericordia no es s\u00f3lo una disposici\u00f3n interior, sino que es tambi\u00e9n el camino que nos lleva a Dios. Su inmenso amor por nosotros no es un sentimiento, sino un acci\u00f3n; el acto a trav\u00e9s del cual cada uno de nosotros \u201crenace\u201d. <\/em>  <strong>Vivir en paz<\/strong>  No era la primera vez que notaba da\u00f1os causados en mis tierras.\u00a0 Nunca hab\u00eda tenido enemigos y mi padre me hab\u00eda ense\u00f1ado a construir buenas relaciones, pero esta vez quer\u00eda entender bien qu\u00e9 estaba pasando. \u00a0Ped\u00ed ayuda a la Virgen y una noche me escond\u00ed detr\u00e1s de un \u00e1rbol de fruta junto a otro campesino. Como hab\u00eda imaginado, en un determinado momento de la noche vi llegar a mi vecino junto con sus dos hijos, provistos de cajones de fruta.\u00a0 Mi plan fue fotografiarlos en forma flagrante.\u00a0 Desorientados por la luz del flash, los tres se fueron dejando la fruta recogida por el suelo. Al d\u00eda siguiente, hacia el atardecer, la esposa del vecino le pidi\u00f3 a la mi se\u00f1ora el favor de destruir las fotos y que no denunci\u00e1ramos a su esposo. Nos hab\u00edamos puesto de acuerdo con mi esposa que, en la eventualidad, respondiera: \u201cNo s\u00e9 de qu\u00e9 fotos me est\u00e1s hablando, mi marido est\u00e1 afuera desde hace dos d\u00edas\u201d. Desde ese momento las cosas cambiaron: se ve\u00eda en ellos una ins\u00f3lita gentileza y prontitud a ayudar en la recolecci\u00f3n\u2026 En una pausa para descansar, el vecino admiti\u00f3 que hab\u00eda venido a recoger algunas manzanas \u201cpara probarlas\u201d, y hab\u00eda visto unos destellos de luz.\u00a0 Le dije: \u201cDesde hace alg\u00fan tiempo en el pueblo suceden cosas raras. Lo importante para nosotros es vivir en paz\u201d. \u00a0(V.S.E. \u2013 Italia)  <strong>Un verdadero cambio<\/strong>  Con el pensamiento, recorr\u00ed mi vida: \u00a1un total fracaso! No estoy casada por la oposici\u00f3n de mis padres a mi elecci\u00f3n de un muchacho bueno pero no de nuestro \u201crango\u201d.\u00a0 Con mis hermanos y mi hermana relaciones pr\u00e1cticamente inexistentes a ra\u00edz de una herencia repartida injustamente, seg\u00fan ellos. Puedo considerarme rica, pero sin embargo \u00a1qu\u00e9 vac\u00edo siento dentro de m\u00ed y alrededor de m\u00ed! Estaba en el hospital cuando una sobrina que me vino a ver dijo una frase que no me dej\u00f3 en paz: \u201c\u00a1T\u00eda, tu problema es que est\u00e1s pose\u00edda por el mal. En ti ha desaparecido todo rastro de bien\u201d.\u00a0 Cuando me dieron el alta busqu\u00e9 a un sacerdote para contarle lo que me angustiaba. Tras haberme escuchado, le pareci\u00f3 que de alguna manera yo me quer\u00eda vengar con la vida, con la familia, con todos y me orient\u00f3 a que pensara m\u00e1s en los dem\u00e1s: festejando con alg\u00fan regalo los cumplea\u00f1os de mis parientes, pregunt\u00e1ndoles a los vecinos para saber c\u00f3mo est\u00e1n, escribi\u00e9ndoles a mis ex\u00a0 alumnos\u2026 peque\u00f1os gestos pero que eran pasos hacia la luz. En la desesperaci\u00f3n puse en pr\u00e1ctica esa sugerencia.\u00a0 Es duro, pero siento que algo est\u00e1 cambiando. (G.I. \u2013 Espa\u00f1a)  <strong>Amigas en la enfermedad<\/strong>  Durante el per\u00edodo en el que mi madre estuvo internada en el hospital conoci\u00f3 a su compa\u00f1era de habitaci\u00f3n, Klari. Compart\u00edan el mismo estadio del c\u00e1ncer, el mismo ritmo de quimioterapia. Se hab\u00edan hecho amigas, pero algo las divid\u00eda.\u00a0 Cuando era joven, Klari hab\u00eda sido una activista comunista y no aceptaba la fe cat\u00f3lica que profesaba mi madre. No polemizaban, pero se ve\u00eda que ninguna de las dos daba el brazo a torcer en sus convicciones. De todos modos, mi madre se mostraba siempre disponible, y para ayudar a Klari, que no ten\u00eda parientes, nos hab\u00eda pedido a nosotros sus familiares que le di\u00e9ramos una mano. Eran peque\u00f1as cosas que ella necesitaba, alg\u00fan tr\u00e1mite para acelerarle, llamar por tel\u00e9fono a alguna amiga. Cuando la condici\u00f3n\u00a0 de la salud se agrav\u00f3 en ambas, not\u00e9 una diferente aceptaci\u00f3n de la enfermedad: mi madre, que estaba siempre atenta a lo que necesitaba su amiga, dejaba traslucir una gran paz.\u00a0 Klari, en cambio, era intolerante y agresiva, pero antes de entrar en coma le agradeci\u00f3 a mi madre por haber estado a su lado.\u00a0 Se hab\u00eda vuelto una de nuestra familia. \u00a0(P.F.H. \u2013 Alemania) <\/p>\n<p style=\"text-align: right;\"><em>A cargo de Maria Grazia Berretta <\/em><em>(extra\u00eddo de \u201cIl Vangelo del Giorno\u201d, Citt\u00e0 Nuova, a\u00f1o VIII, n\u00famero 2, noviembre-diciembre de 2022)<\/em><\/p>\n","protected":false},"excerpt":{"rendered":"<p>El misericordioso es capaz de perdonar al otro y a menudo tambi\u00e9n de perdonarse a s\u00ed mismo. Sin embargo, la misericordia no es s\u00f3lo una disposici\u00f3n interior, sino que es tambi\u00e9n el camino que nos lleva a Dios. Su inmenso amor por nosotros no es un sentimiento, sino un acci\u00f3n; el acto a trav\u00e9s del cual cada uno de nosotros \u201crenace\u201d.<\/p>\n","protected":false},"author":34,"featured_media":0,"comment_status":"open","ping_status":"open","sticky":false,"template":"","format":"standard","meta":{"give_campaign_id":0,"_seopress_robots_primary_cat":"","_seopress_titles_title":"","_seopress_titles_desc":"","_seopress_robots_index":"","_et_pb_use_builder":"","_et_pb_old_content":"","_et_gb_content_width":"","footnotes":""},"categories":[905],"tags":[],"class_list":["post-311924","post","type-post","status-publish","format-standard","hentry","category-senza-categoria-2-2"],"_links":{"self":[{"href":"https:\/\/www.focolare.org\/es\/wp-json\/wp\/v2\/posts\/311924","targetHints":{"allow":["GET"]}}],"collection":[{"href":"https:\/\/www.focolare.org\/es\/wp-json\/wp\/v2\/posts"}],"about":[{"href":"https:\/\/www.focolare.org\/es\/wp-json\/wp\/v2\/types\/post"}],"author":[{"embeddable":true,"href":"https:\/\/www.focolare.org\/es\/wp-json\/wp\/v2\/users\/34"}],"replies":[{"embeddable":true,"href":"https:\/\/www.focolare.org\/es\/wp-json\/wp\/v2\/comments?post=311924"}],"version-history":[{"count":0,"href":"https:\/\/www.focolare.org\/es\/wp-json\/wp\/v2\/posts\/311924\/revisions"}],"wp:attachment":[{"href":"https:\/\/www.focolare.org\/es\/wp-json\/wp\/v2\/media?parent=311924"}],"wp:term":[{"taxonomy":"category","embeddable":true,"href":"https:\/\/www.focolare.org\/es\/wp-json\/wp\/v2\/categories?post=311924"},{"taxonomy":"post_tag","embeddable":true,"href":"https:\/\/www.focolare.org\/es\/wp-json\/wp\/v2\/tags?post=311924"}],"curies":[{"name":"wp","href":"https:\/\/api.w.org\/{rel}","templated":true}]}}