{"id":311930,"date":"2022-12-01T14:30:09","date_gmt":"2022-12-01T13:30:09","guid":{"rendered":"https:\/\/www.focolare.org\/el-cmi-recibe-a-la-comunidad-de-los-focolares-con-el-compromiso-mutuo-de-caminar-juntos-de-la-mano\/"},"modified":"2024-05-15T20:53:26","modified_gmt":"2024-05-15T18:53:26","slug":"el-cmi-recibe-a-la-comunidad-de-los-focolares-con-el-compromiso-mutuo-de-caminar-juntos-de-la-mano","status":"publish","type":"post","link":"https:\/\/www.focolare.org\/es\/el-cmi-recibe-a-la-comunidad-de-los-focolares-con-el-compromiso-mutuo-de-caminar-juntos-de-la-mano\/","title":{"rendered":"El CMI recibe a la comunidad de los focolares con el compromiso mutuo de caminar juntos de la mano"},"content":{"rendered":"<div class=\"col-lg-6 offset-lg-3\">\n<div class=\"article-teaser\">\n<div class=\"node--group-article__content\">\n<div class=\"clearfix text-formatted field field--name-field-n-teaser-description field--type-text-long field--label-hidden field__item\">  <em>El Consejo Mundial de Iglesias (CMI) recibi\u00f3 a la presidenta, Margaret Karram, y al copresidente, Jes\u00fas Mor\u00e1n, as\u00ed como a otros miembros de la comunidad de los focolares el 28 de noviembre y les ofreci\u00f3 una visita guiada del Centro Ecum\u00e9nico durante la cual hablaron de la unidad, la reconciliaci\u00f3n, la construcci\u00f3n de puentes interreligiosos, Fe y Constituci\u00f3n, y las comunicaciones, entre otros temas de inter\u00e9s.<\/em>  <\/div>\n<\/p><\/div>\n<\/p><\/div>\n<\/p><\/div>\n<div class=\"col-lg-2 offset-lg-1\">\n<div class=\"article-availability text-right\">  El secretario general en funciones del CMI, Rev. Prof. Dr. Ioan Sauca, expres\u00f3 su agradecimiento por las m\u00faltiples colaboraciones del pasado entre el CMI y los focolares. La m\u00e1s reciente de ellas fue la participaci\u00f3n de los focolares en la 11\u00aa Asamblea del CMI en Karlsruhe (Alemania).  Sauca dijo que el CMI reconoce la importancia de la cooperaci\u00f3n y el apoyo mutuo entre el CMI y los focolares para servir juntos bajo el nuevo paradigma de la peregrinaci\u00f3n de justicia, reconciliaci\u00f3n y unidad.  \u201cLos cristianos de diferentes iglesias que pertenecen a los focolares han formado parte de las delegaciones de sus respectivas iglesias y han desarrollado otras funciones en las asambleas del CMI\u201d, observ\u00f3 Sauca, que resumi\u00f3 la larga historia de cooperaci\u00f3n entre los dos grupos.  \u201cSu compromiso con la promoci\u00f3n del di\u00e1logo entre cristianos, jud\u00edos y musulmanes, as\u00ed como su participaci\u00f3n en un di\u00e1logo sostenido entre los israel\u00edes y los palestinos, son valores inspiradores para el Movimiento de los Focolares a escala mundial y para otros\u201d, dijo Sauca.  El personal del CMI y los representantes del Movimiento de los Focolares hablaron asimismo de \u00e1mbitos de colaboraci\u00f3n del pasado y del futuro, y compartieron sus experiencias en relaci\u00f3n con la unidad y el ecumenismo.  Karram extendi\u00f3 sus m\u00e1s cordiales saludos y expres\u00f3 su gran alegr\u00eda por visitar el CMI veinte a\u00f1os despu\u00e9s de la \u00faltima visita de la fundadora de los focolares, Chiara Lubich.  \u201cHace veinte a\u00f1os, Chiara Lubich, fundadora del Movimiento de los Focolares, vino aqu\u00ed por invitaci\u00f3n del entonces secretario general, Konrad Raiser, y Prof. Ioan Sauca\u201d, dijo Karram, \u201cestoy muy agradecida por estar con todos ustedes hoy aqu\u00ed para conmemorar este aniversario. Alabo a Dios porque soy consciente de que estoy caminando por un terreno que considero sagrado\u201d.  Karram asegur\u00f3 al CMI la buena disposici\u00f3n y la capacidad del Movimiento de los Focolares para seguir caminando juntos. \u201cQuiero a\u00f1adir que no solo caminaremos juntos \u2013sino que tenemos que darnos la mano\u2013; no solo caminar juntos, sino hacerlo de la mano, los unos al lado de los otros. Quiero prometer esto\u201d.  El Rev. Prof. Dr. Jerry Pillay, secretario general electo del CMI, elogi\u00f3 las numerosas maneras en que la comunidad de los focolares y el CMI han intercambiado ideas y perspectivas a lo largo de los a\u00f1os. \u201cHemos colaborado a diferentes niveles\u201d, dijo. <\/p>\n<p style=\"text-align: right;\"><em>Fuente: <a href=\"https:\/\/www.oikoumene.org\/es\/news\/wcc-hosts-focolare-community-with-mutual-commitment-to-holding-hands-walking-together\" target=\"_blank\" rel=\"noopener\">CMI<\/a><\/em><\/p>\n<p> <a href=\"https:\/\/www.focolare.org\/es\/download\/english-the-ecumenical-journey-of-the-focolare-movement\/\" target=\"_blank\" rel=\"noopener\"><strong>Discurso completo de Margaret Karram<\/strong><\/a>  <a href=\"https:\/\/oikoumene.photoshelter.com\/galleries\/C0000_4U7GBA7EYQ\/G0000hj6orbfBOwE\/Focolare-leadership-visit-to-the-WCC\" target=\"_blank\" rel=\"noopener\"><strong>Galer\u00eda fotogr\u00e1fica de la visita de los dirigentes de los focolares al CMI<\/strong><\/a>  https:\/\/www.youtube.com\/watch?v=-Lx8IklNEPQ&amp;t=53s  https:\/\/www.youtube.com\/watch?v=q7OMciDbHA8&amp;t=2s  <\/div>\n<\/p><\/div>\n","protected":false},"excerpt":{"rendered":"<p>El Consejo Mundial de Iglesias (CMI) recibi\u00f3 a la presidenta, Margaret Karram, y al copresidente, Jes\u00fas Mor\u00e1n, as\u00ed como a otros miembros de la comunidad de los focolares el 28 de noviembre y les ofreci\u00f3 una visita guiada del Centro Ecum\u00e9nico durante la cual hablaron de la unidad, la reconciliaci\u00f3n, la construcci\u00f3n de puentes interreligiosos, Fe y Constituci\u00f3n, y las comunicaciones, entre otros temas de inter\u00e9s.<\/p>\n","protected":false},"author":34,"featured_media":0,"comment_status":"open","ping_status":"open","sticky":false,"template":"","format":"standard","meta":{"give_campaign_id":0,"_seopress_robots_primary_cat":"","_seopress_titles_title":"","_seopress_titles_desc":"","_seopress_robots_index":"","_et_pb_use_builder":"","_et_pb_old_content":"","_et_gb_content_width":"","footnotes":""},"categories":[46],"tags":[],"class_list":["post-311930","post","type-post","status-publish","format-standard","hentry","category-sin-categorizar"],"_links":{"self":[{"href":"https:\/\/www.focolare.org\/es\/wp-json\/wp\/v2\/posts\/311930","targetHints":{"allow":["GET"]}}],"collection":[{"href":"https:\/\/www.focolare.org\/es\/wp-json\/wp\/v2\/posts"}],"about":[{"href":"https:\/\/www.focolare.org\/es\/wp-json\/wp\/v2\/types\/post"}],"author":[{"embeddable":true,"href":"https:\/\/www.focolare.org\/es\/wp-json\/wp\/v2\/users\/34"}],"replies":[{"embeddable":true,"href":"https:\/\/www.focolare.org\/es\/wp-json\/wp\/v2\/comments?post=311930"}],"version-history":[{"count":0,"href":"https:\/\/www.focolare.org\/es\/wp-json\/wp\/v2\/posts\/311930\/revisions"}],"wp:attachment":[{"href":"https:\/\/www.focolare.org\/es\/wp-json\/wp\/v2\/media?parent=311930"}],"wp:term":[{"taxonomy":"category","embeddable":true,"href":"https:\/\/www.focolare.org\/es\/wp-json\/wp\/v2\/categories?post=311930"},{"taxonomy":"post_tag","embeddable":true,"href":"https:\/\/www.focolare.org\/es\/wp-json\/wp\/v2\/tags?post=311930"}],"curies":[{"name":"wp","href":"https:\/\/api.w.org\/{rel}","templated":true}]}}