{"id":311938,"date":"2022-12-14T03:00:17","date_gmt":"2022-12-14T02:00:17","guid":{"rendered":"https:\/\/www.focolare.org\/evangelio-vivido-confiad-en-el-senor-por-siempre-jamas-porque-en-el-senor-teneis-una-roca-eterna-isaias-26-4\/"},"modified":"2024-05-15T20:53:28","modified_gmt":"2024-05-15T18:53:28","slug":"evangelio-vivido-confiad-en-el-senor-por-siempre-jamas-porque-en-el-senor-teneis-una-roca-eterna-isaias-26-4","status":"publish","type":"post","link":"https:\/\/www.focolare.org\/es\/evangelio-vivido-confiad-en-el-senor-por-siempre-jamas-porque-en-el-senor-teneis-una-roca-eterna-isaias-26-4\/","title":{"rendered":"Evangelio vivido: \u00abConfiad en el Se\u00f1or por siempre jam\u00e1s, porque en el Se\u00f1or ten\u00e9is una Roca eterna\u00bb (Isa\u00edas 26, 4).\u00a0"},"content":{"rendered":"<p><em>La fidelidad de Dios es inquebrantable, como una roca, y \u00e9sta es la revelaci\u00f3n salv\u00edfica no s\u00f3lo para el pueblo de Israel tras el exilio como anuncia Isa\u00edas, sino tambi\u00e9n para cada uno de nosotros. Por lo tanto, confiar en el Se\u00f1or quiere decir construir nuestra existencia yendo a la ra\u00edz, porque cuanto m\u00e1s profundos son los cimientos tanto m\u00e1s se podr\u00e1 construir hacia arriba; tanto m\u00e1s confiaremos en \u00e9l y m\u00e1s s\u00f3lidos ser\u00e1n nuestros gestos tambi\u00e9n.\u00a0<\/em>  <strong>Tensiones en la familia<\/strong> Cuando mi hermano D., enojado por c\u00f3mo lo hab\u00eda tratado R. (otro de mis hermanos), dijo que ya no quer\u00eda verlo m\u00e1s, pens\u00e9 que a nuestra edad (todos tenemos m\u00e1s de 70 a\u00f1os) tendr\u00edamos que tener m\u00e1s compasi\u00f3n.\u00a0 De all\u00ed surgi\u00f3 la idea de reunir a la familia con la excusa de un picnic en Jells Park, en un terreno neutro. \u00a0Pero ese d\u00eda, en que se hab\u00eda fijado el encuentro, no apareci\u00f3.\u00a0 No me qued\u00f3 m\u00e1s que rezar pidiendo que su coraz\u00f3n obstinado se ablandara. Algunos d\u00edas m\u00e1s tarde lo llam\u00e9 por tel\u00e9fono.\u00a0 Me di cuenta de que no estaba bien y de que no se estaba alimentando.\u00a0 Le asegur\u00e9 que le llevar\u00eda un buen plato de comida.\u00a0 Cuando llegu\u00e9 a su casa y empezamos a hablar, se lo ve\u00eda agradecido sobre todo porque no lo hab\u00eda juzgado.\u00a0 Luego, estando yo de regreso en mi casa, lo llam\u00e9 a D. para contarle y \u00e9l se demostr\u00f3 dispuesto a ir a visitar a su hermano si yo organizaba algo. Cuando nos encontramos, el domingo siguiente, al principio se notaba un cierto empacho en ellos, pero al rato empezaron a hablar con normalidad. Al final R. quiso que nos qued\u00e1ramos a cenar. Me qued\u00e9 muy contento con el resultado y espero que mi peque\u00f1o aporte pueda sanar ciertas tensiones en la familia. (Gill \u2013 Australia)  <strong>La propina<\/strong> Antes del reciente aumento de los sueldos para los m\u00e9dicos y el personal de la salud, era praxis en Hungr\u00eda darles a los m\u00e9dicos una propina seg\u00fan el servicio que prestaban, como una tasa preestablecida. Como jefe de cirug\u00eda, por mis principios, no me agradaba esta modalidad. \u00a0Sobre todo porque sab\u00eda que muchos pacientes, carentes de medios econ\u00f3micos,\u00a0 ped\u00edan prestados los florines para los m\u00e9dicos. Por ello rechazaba esa idea, por m\u00e1s que todos lo hicieran, hasta que una colega me hizo notar que el hecho de no aceptar la propina pod\u00eda ser interpretado por mis pacientes como un signo de que yo no har\u00eda bien la operaci\u00f3n.\u00a0 Un d\u00eda, viendo a una se\u00f1ora mayor sacar de su cartera el ya acostumbrado sobre para m\u00ed, le dije: \u201cYo como m\u00e9dico estoy a su servicio y me pagan por lo que hago, pero si Ud. \u00a0se queda m\u00e1s tranquila si acepto este regalo, le propongo que se lo haga llegar a una familia necesitada\u201d. \u00a0Ella se qued\u00f3 pensativa un rato, y despu\u00e9s me tom\u00f3 la mano: \u201cDoctor, lo que me est\u00e1 diciendo me da la garant\u00eda de que Ud. piensa verdaderamente en la gente. Le agradezco y, si est\u00e1 de acuerdo, me gustar\u00eda ayudar, junto con usted, a alguien que se encuentra en necesidad\u201d. (P.M. \u2013 Hungr\u00eda) <\/p>\n<p style=\"text-align: right;\"><em>A cargo de Maria Grazia Berretta<\/em><\/p>\n<p style=\"text-align: left;\"><em>(extra\u00eddo de \u201cIl Vangelo del Giorno\u201d, Citt\u00e0 Nuova, a\u00f1o VIII, n\u00famero 2, noviembre-diciembre \u00a0de 2022)<\/em><\/p>\n","protected":false},"excerpt":{"rendered":"<p>La fidelidad de Dios es inquebrantable, como una roca, y \u00e9sta es la revelaci\u00f3n salv\u00edfica no s\u00f3lo para el pueblo de Israel tras el exilio como anuncia Isa\u00edas, sino tambi\u00e9n para cada uno de nosotros. Por lo tanto, confiar en el Se\u00f1or quiere decir construir nuestra existencia yendo a la ra\u00edz, porque cuanto m\u00e1s profundos son los cimientos tanto m\u00e1s se podr\u00e1 construir hacia arriba; tanto m\u00e1s confiaremos en \u00e9l y m\u00e1s s\u00f3lidos ser\u00e1n nuestros gestos tambi\u00e9n.\u00a0<\/p>\n","protected":false},"author":33,"featured_media":0,"comment_status":"open","ping_status":"open","sticky":false,"template":"","format":"standard","meta":{"give_campaign_id":0,"_seopress_robots_primary_cat":"","_seopress_titles_title":"","_seopress_titles_desc":"","_seopress_robots_index":"","_et_pb_use_builder":"","_et_pb_old_content":"","_et_gb_content_width":"","footnotes":""},"categories":[46],"tags":[],"class_list":["post-311938","post","type-post","status-publish","format-standard","hentry","category-sin-categorizar"],"_links":{"self":[{"href":"https:\/\/www.focolare.org\/es\/wp-json\/wp\/v2\/posts\/311938","targetHints":{"allow":["GET"]}}],"collection":[{"href":"https:\/\/www.focolare.org\/es\/wp-json\/wp\/v2\/posts"}],"about":[{"href":"https:\/\/www.focolare.org\/es\/wp-json\/wp\/v2\/types\/post"}],"author":[{"embeddable":true,"href":"https:\/\/www.focolare.org\/es\/wp-json\/wp\/v2\/users\/33"}],"replies":[{"embeddable":true,"href":"https:\/\/www.focolare.org\/es\/wp-json\/wp\/v2\/comments?post=311938"}],"version-history":[{"count":0,"href":"https:\/\/www.focolare.org\/es\/wp-json\/wp\/v2\/posts\/311938\/revisions"}],"wp:attachment":[{"href":"https:\/\/www.focolare.org\/es\/wp-json\/wp\/v2\/media?parent=311938"}],"wp:term":[{"taxonomy":"category","embeddable":true,"href":"https:\/\/www.focolare.org\/es\/wp-json\/wp\/v2\/categories?post=311938"},{"taxonomy":"post_tag","embeddable":true,"href":"https:\/\/www.focolare.org\/es\/wp-json\/wp\/v2\/tags?post=311938"}],"curies":[{"name":"wp","href":"https:\/\/api.w.org\/{rel}","templated":true}]}}