{"id":311944,"date":"2022-12-22T09:45:19","date_gmt":"2022-12-22T08:45:19","guid":{"rendered":"https:\/\/www.focolare.org\/ven-senor-jesus\/"},"modified":"2024-05-15T20:53:29","modified_gmt":"2024-05-15T18:53:29","slug":"ven-senor-jesus","status":"publish","type":"post","link":"https:\/\/www.focolare.org\/es\/ven-senor-jesus\/","title":{"rendered":"Ven Se\u00f1or Jes\u00fas"},"content":{"rendered":"<p><em>Mensaje de Margaret Karram, presidenta del Movimiento de los Focolares, con motivo de la Navidad 2022<\/em>  Activar los subt\u00edtulos en espa\u00f1ol  https:\/\/www.youtube.com\/watch?v=YGt4KlwM9N8  \u00a1Quiero expresarles mis mejores deseos de una feliz Navidad a todos! Y lo hago por medio de una poes\u00eda que escrib\u00ed en estos d\u00edas.  \u00a1Ven Se\u00f1or Jes\u00fas, apres\u00farate a venir, el mundo entero no resiste m\u00e1s! Una noche sombr\u00eda ha ca\u00eddo sobre \u00e9l. La estrella fugaz ha desaparecido del cielo azul.  \u00bfQui\u00e9n nos guiar\u00e1 ahora a Bel\u00e9n para encontrar al Pr\u00edncipe de la Paz? \u00bfQui\u00e9n nos ayudar\u00e1 a reencender en los corazones las llamas de un amor que arde y se hace arte?  Es Navidad, vuelve, vuelve Se\u00f1or Jes\u00fas. Queremos acogerte como nunca antes lo hemos hecho. Queremos, mejor que ayer, reconocerte en los que sufren: en el pobre, en el solo, en el desesperado, en el enfermo, en el abandonado.  \u00a1Ay\u00fadanos a escuchar el grito de quien no tiene esperanza, de quien ya no cree! Ay\u00fadanos a ser personas de paz. \u00a1Danos valent\u00eda, danos audacia para hacerles eco a los \u00e1ngeles y, como ellos, anunciar: alegr\u00eda, esperanza, serenidad, fraternidad! <\/p>\n<p style=\"text-align: right;\"><em>Margaret Karram<\/em><\/p>\n","protected":false},"excerpt":{"rendered":"<p>Mensaje de Margaret Karram, presidenta del Movimiento de los Focolares, con motivo de la Navidad 2022<\/p>\n","protected":false},"author":34,"featured_media":0,"comment_status":"open","ping_status":"open","sticky":false,"template":"","format":"standard","meta":{"give_campaign_id":0,"_seopress_robots_primary_cat":"","_seopress_titles_title":"","_seopress_titles_desc":"","_seopress_robots_index":"","_et_pb_use_builder":"","_et_pb_old_content":"","_et_gb_content_width":"","footnotes":""},"categories":[46],"tags":[],"class_list":["post-311944","post","type-post","status-publish","format-standard","hentry","category-sin-categorizar"],"_links":{"self":[{"href":"https:\/\/www.focolare.org\/es\/wp-json\/wp\/v2\/posts\/311944","targetHints":{"allow":["GET"]}}],"collection":[{"href":"https:\/\/www.focolare.org\/es\/wp-json\/wp\/v2\/posts"}],"about":[{"href":"https:\/\/www.focolare.org\/es\/wp-json\/wp\/v2\/types\/post"}],"author":[{"embeddable":true,"href":"https:\/\/www.focolare.org\/es\/wp-json\/wp\/v2\/users\/34"}],"replies":[{"embeddable":true,"href":"https:\/\/www.focolare.org\/es\/wp-json\/wp\/v2\/comments?post=311944"}],"version-history":[{"count":0,"href":"https:\/\/www.focolare.org\/es\/wp-json\/wp\/v2\/posts\/311944\/revisions"}],"wp:attachment":[{"href":"https:\/\/www.focolare.org\/es\/wp-json\/wp\/v2\/media?parent=311944"}],"wp:term":[{"taxonomy":"category","embeddable":true,"href":"https:\/\/www.focolare.org\/es\/wp-json\/wp\/v2\/categories?post=311944"},{"taxonomy":"post_tag","embeddable":true,"href":"https:\/\/www.focolare.org\/es\/wp-json\/wp\/v2\/tags?post=311944"}],"curies":[{"name":"wp","href":"https:\/\/api.w.org\/{rel}","templated":true}]}}