{"id":312006,"date":"2023-02-24T10:20:09","date_gmt":"2023-02-24T09:20:09","guid":{"rendered":"https:\/\/www.focolare.org\/guerra-en-ucrania-un-ano-que-ha-durado-una-eternidad\/"},"modified":"2024-05-15T20:53:39","modified_gmt":"2024-05-15T18:53:39","slug":"guerra-en-ucrania-un-ano-que-ha-durado-una-eternidad","status":"publish","type":"post","link":"https:\/\/www.focolare.org\/es\/guerra-en-ucrania-un-ano-que-ha-durado-una-eternidad\/","title":{"rendered":"Guerra en Ucrania: un a\u00f1o que ha durado una eternidad"},"content":{"rendered":"<p><em>365 d\u00edas de guerra en las palabras y en la experiencia de Mira Milavec, focolarina eslovena que vive desde hace algunos a\u00f1os en Ucrania, en donde trabaja para la C\u00e1ritas Spes. <\/em>  \u201cEste a\u00f1o de guerra es s\u00f3lo un a\u00f1o, pero parece una eternidad \u00a0(\u2026). Nunca me hubiera imaginado vivir en primera persona una situaci\u00f3n de este tipo\u201d.  <img alt=\"\" alt=\"\" loading=\"lazy\" decoding=\"async\" class=\"alignright size-large wp-image-254063\" src=\"https:\/\/www.focolare.org\/wp-content\/uploads\/2023\/02\/Help-1-255x340.jpg\" alt=\"\" width=\"255\" height=\"340\" \/>As\u00ed empieza nuestra conversaci\u00f3n con Mira Milavec, focolarina eslovena que desde el a\u00f1o 2019 vive en Ucrania. Su compromiso ha sido incansable, y ha estado en primera l\u00ednea durante este a\u00f1o de conflicto. Ha estado trabajando para apoyar y sostener a \u00a0la poblaci\u00f3n a trav\u00e9s de la C\u00e1ritas Spes de Ucrania, cuyas actividades se vieron ayudadas tambi\u00e9n por la Coordinaci\u00f3n Emergencias del Movimiento de los Focolares por medio de las <em>Asociaciones sin fines de lucro \u201cAcci\u00f3n por un Mundo Unido (AMU)\u201d y \u201cAcci\u00f3n por Familias Nuevas (AFN)\u201d.<\/em>  \u201cVeo mucho cansancio a mi alrededor.\u00a0 La gente \u2013nos cuenta Mira\u2013 especialmente en algunos sitios, vive a\u00fan en situaciones realmente precarias. Tras un a\u00f1o, han cambiado incluso las necesidades de la gente. Antes, con la C\u00e1ritas Spes, nos encarg\u00e1bamos de repartir bienes de primera necesidad; ahora hemos pasado a una nueva fase en la que es muy importante devolverles la dignidad a las personas y ocuparnos tambi\u00e9n del apoyo socio-psicol\u00f3gico. Estamos a\u00fan en una etapa inicial en \u00a0este campo, pero estamos tratando de actuar y entender qu\u00e9 pasos seguir\u201d.  <strong>Mira, vemos que la m\u00e1quina de la C\u00e1ritas nunca se ha detenido\u2026<\/strong> \u201cAs\u00ed es. Estoy en contacto con nuestros colaboradores que se encuentran en los lugares m\u00e1s afectados. Creo que nunca han tenido tiempo para descansar, pero all\u00ed est\u00e1n, d\u00eda y noche, palpando en primera persona los sufrimientos de esta gente que lo ha perdido todo, a sus seres queridos y su casa. Es toda una vida que se les ha destrozado. Pienso que estar en contacto directo con estas historias, por m\u00e1s de que est\u00e9n cansados, los impulsa a seguir \u00a0haciendo el bien\u201d.  <strong><img alt=\"\" alt=\"\" loading=\"lazy\" decoding=\"async\" class=\"alignleft size-large wp-image-254064\" src=\"https:\/\/www.focolare.org\/wp-content\/uploads\/2023\/02\/Kharkiv-7-255x340.jpg\" alt=\"\" width=\"255\" height=\"340\" \/>\u00bfHay alguna historia de vida en particular que te ha impactado m\u00e1s? <\/strong> \u201cS\u00ed, las historias son de lo m\u00e1s variadas, y de all\u00ed viene la esperanza. Recuerdo una familia de la regi\u00f3n de Donbas, \u00a0que tuvo que dejar su ciudad ya en 2014. Hab\u00edan ahorrado toda la vida para tener un apartamento donde vivir y a poco de comprarlo se hab\u00edan mudado a Kharkiv. Despu\u00e9s lleg\u00f3 la guerra del a\u00f1o pasado y tuvieron que trasladarse nuevamente. Creo que volvieron a ese apartamento a finales de 2022, y lo encontraron en condiciones desastrosas por los bombardeos. Les llevamos estufas a le\u00f1a para que pudieran calentarse y a pesar de esa situaci\u00f3n tan complicada, fue muy impresionante ver en sus ojos una inmensa gratitud.\u00a0 No era importante la cantidad de dinero que se necesitaba para reparar los da\u00f1os de la casa. Estaban felices y agradecidos por recibir esa peque\u00f1a ayuda, por el hecho de seguir vivos y todav\u00eda juntos\u201d.  <strong>Personalmente, \u00bfqu\u00e9 has experimentado en este a\u00f1o tan dif\u00edcil?<\/strong> \u201cHe notado que en estas situaciones la gente, todos nosotros, somos capaces de ponernos en movimiento para ayudar; m\u00e1s que toda otra cosa, reconocer el apoyo de los dem\u00e1s y sentir en serio que estamos en las manos de Dios. A menudo la gente aqu\u00ed no exige mucho, es suficiente que estemos all\u00ed, que estemos presentes. Dios te da distintos talentos y tengo que decir que en esta situaci\u00f3n en la que me encuentro ahora puedo usarlos, puedo servir realmente a alguien. La oraci\u00f3n en esto es un verdadero sost\u00e9n. Espero ansiosamente que esta guerra se acabe y que cada uno en su lugar sea capaz de ense\u00f1arles a las nuevas generaciones que hay que combatir contra todo este odio\u201d. <\/p>\n<p style=\"text-align: right;\"><em>A cargo de Maria Grazia Berretta<\/em><\/p>\n<p> <strong>Activar los subt\u00edtulos en espa\u00f1ol<\/strong>  https:\/\/youtu.be\/gFOMlUj6axA  Para seguir sosteniendo a la poblaci\u00f3n ucraniana, ve al siguiente link: <a href=\"https:\/\/www.focolare.org\/es\/2022\/02\/26\/ucraina-al-via-la-raccolta-fondi-in-sostegno-alla-popolazione\/\" target=\"_blank\" rel=\"noopener\">https:\/\/www.focolare.org\/es\/2022\/02\/26\/ucraina-al-via-la-raccolta-fondi-in-sostegno-alla-popolazione\/<\/a><\/p>\n","protected":false},"excerpt":{"rendered":"<p>365 d\u00edas de guerra en las palabras y en la experiencia de Mira Milavec, focolarina eslovena que vive desde hace algunos a\u00f1os en Ucrania, en donde trabaja para la C\u00e1ritas Spes.<\/p>\n","protected":false},"author":34,"featured_media":0,"comment_status":"open","ping_status":"open","sticky":false,"template":"","format":"standard","meta":{"give_campaign_id":0,"_seopress_robots_primary_cat":"","_seopress_titles_title":"","_seopress_titles_desc":"","_seopress_robots_index":"","_et_pb_use_builder":"","_et_pb_old_content":"","_et_gb_content_width":"","footnotes":""},"categories":[46],"tags":[],"class_list":["post-312006","post","type-post","status-publish","format-standard","hentry","category-sin-categorizar"],"_links":{"self":[{"href":"https:\/\/www.focolare.org\/es\/wp-json\/wp\/v2\/posts\/312006","targetHints":{"allow":["GET"]}}],"collection":[{"href":"https:\/\/www.focolare.org\/es\/wp-json\/wp\/v2\/posts"}],"about":[{"href":"https:\/\/www.focolare.org\/es\/wp-json\/wp\/v2\/types\/post"}],"author":[{"embeddable":true,"href":"https:\/\/www.focolare.org\/es\/wp-json\/wp\/v2\/users\/34"}],"replies":[{"embeddable":true,"href":"https:\/\/www.focolare.org\/es\/wp-json\/wp\/v2\/comments?post=312006"}],"version-history":[{"count":0,"href":"https:\/\/www.focolare.org\/es\/wp-json\/wp\/v2\/posts\/312006\/revisions"}],"wp:attachment":[{"href":"https:\/\/www.focolare.org\/es\/wp-json\/wp\/v2\/media?parent=312006"}],"wp:term":[{"taxonomy":"category","embeddable":true,"href":"https:\/\/www.focolare.org\/es\/wp-json\/wp\/v2\/categories?post=312006"},{"taxonomy":"post_tag","embeddable":true,"href":"https:\/\/www.focolare.org\/es\/wp-json\/wp\/v2\/tags?post=312006"}],"curies":[{"name":"wp","href":"https:\/\/api.w.org\/{rel}","templated":true}]}}