{"id":312012,"date":"2023-03-04T03:15:56","date_gmt":"2023-03-04T02:15:56","guid":{"rendered":"https:\/\/www.focolare.org\/asamblea-continental-asiatica-una-iglesia-a-la-escucha-y-en-discernimiento\/"},"modified":"2024-05-15T20:53:40","modified_gmt":"2024-05-15T18:53:40","slug":"asamblea-continental-asiatica-una-iglesia-a-la-escucha-y-en-discernimiento","status":"publish","type":"post","link":"https:\/\/www.focolare.org\/es\/asamblea-continental-asiatica-una-iglesia-a-la-escucha-y-en-discernimiento\/","title":{"rendered":"Asamblea continental asi\u00e1tica: una Iglesia a la escucha y en discernimiento"},"content":{"rendered":"<p><em>Recientemente se concluy\u00f3, en Bangkok (Tailandia), la Asamblea continental asi\u00e1tica para el S\u00ednodo, que defini\u00f3 el precioso aporte del continente m\u00e1s grande y poblado del mundo. Entrevistamos a\u00a0 Vanessa Siu-Wai Cheng, focolarina china presente en el evento.<\/em>  \u201cBaan Phu Waan es el lugar donde est\u00e1 ubicado el gran centro de formaci\u00f3n pastoral de la Arquidi\u00f3cesis de Bangkok (Tailandia). Un lugar bell\u00edsimo. \u00c9ramos unos ochenta los presentes en la Asamblea continental asi\u00e1tica del S\u00ednodo, que se desarroll\u00f3 del 24 al 26 de febrero de 2023\u201d.  <img alt=\"\" alt=\"\" loading=\"lazy\" decoding=\"async\" class=\"alignright wp-image-254363\" src=\"https:\/\/www.focolare.org\/wp-content\/uploads\/2023\/03\/WhatsApp-Image-2023-03-02-at-02.22.12-453x340.jpeg\" alt=\"\" width=\"348\" height=\"261\" \/>Vanessa Siu-Wai Cheng, focolarina de Hong Kong, nos introduce en\u00a0 esta nueva fase continental del Itinerario Sinodal que se refiere a Asia, un itinerario que, como lo defini\u00f3 el Arzobispo metropolita de Tokio (Jap\u00f3n) Tarcisius Isao Kikuchi en su homil\u00eda de inauguraci\u00f3n: \u201cNo es solo un evento pasajero el que se celebra, sino m\u00e1s bien un cambio de actitud de todo el pueblo de Dios para hacer que la sinodalidad sea la naturaleza fundamental de la Iglesia\u201d.  <strong>\u00bf<em>Vanessa, cu\u00e1ntos eran los participantes?<\/em><\/strong>  Eran diecisiete Conferencias Episcopales y dos S\u00ednodos de las Iglesias de rito oriental en representaci\u00f3n de los 29 pa\u00edses de la FABC (Federation of Asian Bishops\u2019 Conferences) que invitaron a sus representantes a este evento y que ten\u00eda como fin dar a las Iglesias asi\u00e1ticas la oportunidad de platicar sobre el itinerario que lleva al S\u00ednodo trazado por el Papa Francisco. Hemos podido compartir nuestras experiencias concentr\u00e1ndonos en varios temas y algunas problem\u00e1ticas que afligen al continente. Se habl\u00f3 de la sinodalidad, del proceso de toma de decisiones, de las vocaciones sacerdotales, del papel de los j\u00f3venes, la pobreza, los conflictos religiosos y el clericalismo, con el auspicio de proseguir juntos en un verdadero camino de crecimiento comunitario.\u00a0 Con gran alegr\u00eda estaba presente tambi\u00e9n alguien de la Delegaci\u00f3n de la Secretar\u00eda de Estado, de la comisi\u00f3n y del equipo operativo (task force). Un testimonio de la disponibilidad de la Iglesia Universal de caminar en el proceso sinodal.  <strong><em><img alt=\"\" alt=\"\" loading=\"lazy\" decoding=\"async\" class=\"alignright wp-image-254366\" src=\"https:\/\/www.focolare.org\/wp-content\/uploads\/2023\/03\/KPT07092-510x340.jpg\" alt=\"\" width=\"347\" height=\"231\" \/>\u00bfCu\u00e1l fue la metodolog\u00eda de trabajo?<\/em><\/strong>  Fueron tres d\u00edas intensos de comuni\u00f3n y de trabajo en grupos. La metodolog\u00eda es siempre la de la Conversaci\u00f3n espiritual. Los varios inputs que recibimos fueron muy importantes y estimulantes. En primer lugar, el Card. Mario Grech, secretario general del S\u00ednodo de los Obispos, nos trajo el caluroso saludo del Papa y nos asegur\u00f3 que no hemos sido olvidados. Subray\u00f3 que una Iglesia sinodal es una Iglesia de escucha y de discernimiento. El \u00e9xito del proceso sinodal depende de la participaci\u00f3n del pueblo de Dios y de los pastores. Tenemos que estar muy atentos a las voces, sobre todo a aquellas que agitan a la Iglesia.  <em><strong>\u00bfQu\u00e9 te impresion\u00f3 particularmente?<\/strong> <\/em>  Una impresi\u00f3n muy fuerte fue ver que, desde el primer d\u00eda, en cada mesa donde trabajaba un grupo hab\u00eda una silla vac\u00eda, en representaci\u00f3n de aquellos que no pod\u00edan ofrecer su voz o no quer\u00edan darla. En el centro de la mesa hab\u00eda una candela que estaba rodeada de flores bell\u00edsimas y se encend\u00eda al principio de la jornada como s\u00edmbolo de la luz del Esp\u00edritu Santo, necesario para poder hacer un discernimiento. Hicimos una experiencia de conversi\u00f3n al escuchar al otro vaci\u00e1ndonos de nosotros mismos, todos juntos: cardenales, obispos, sacerdotes, religiosas y laicos. Un momento para poder profundizar, para salir de nuestra visi\u00f3n particular y as\u00ed poder llegar con una mirada m\u00e1s amplia, a nivel continental. All\u00ed se dio la transformaci\u00f3n del \u201cyo\u201d al \u201cnosotros\u201d. Adem\u00e1s, hay que decir que Asia hospeda muchas religiones, tambi\u00e9n las m\u00e1s antiguas, y por lo tanto una de las caracter\u00edsticas de los asi\u00e1ticos es la <img alt=\"\" alt=\"\" loading=\"lazy\" decoding=\"async\" class=\"alignright wp-image-254364\" src=\"https:\/\/www.focolare.org\/wp-content\/uploads\/2023\/03\/WhatsApp-Image-2023-03-02-at-02.22.55-756x340.jpeg\" alt=\"\" width=\"349\" height=\"157\" \/>espiritualidad y la oraci\u00f3n. El programa se introduc\u00eda con 10 minutos de silencio antes de la discusi\u00f3n de un argumento y media hora de oraci\u00f3n en la capilla entre dos sesiones de discernimiento. Estos momentos de silencio y de oraci\u00f3n ayudaron realmente a todos los participantes a estar con Dios y en Dios para escuchar su voz, tanto individualmente como colectivamente.  <strong><em>Seg\u00fan tu parecer \u00bfcu\u00e1l es el mayor desaf\u00edo?<\/em><\/strong>  Ha sido maravilloso estar juntos como Iglesia continental contemplando la complejidad y la variedad de caracter\u00edsticas\u00a0 y de los desaf\u00edos particulares y comunes. El primer d\u00eda\u00a0 nos parec\u00eda algo ambicioso pretender llegar en tres d\u00edas a un boceto que despu\u00e9s sirviera para la formulaci\u00f3n del <em>instrumentum laboris <\/em>para el S\u00ednodo, incluyendo prioridades precisas para el continente asi\u00e1tico, pero se siente que el Esp\u00edritu sopl\u00f3 fuerte. Gracias al trabajo de un grupo de redacci\u00f3n que nos prepar\u00f3 el \u00abdraft framework\u00bb, que era un boceto del proyecto para poder ahorrarnos el tiempo de leer todas las relaciones desde cero, as\u00ed pudimos trabajar con calma y sobre un texto bien ordenado. La \u00faltima versi\u00f3n del documento expresa una \u00fanica sinfon\u00eda con muchas voces que hacen eco a los sue\u00f1os, las esperanzas, las aspiraciones y los dolores del continente asi\u00e1tico. <\/p>\n<p style=\"text-align: right;\"><em>A cargo de Maria Grazia Berretta Foto: \u00a9 Synodbangkok2023 <\/em><\/p>\n","protected":false},"excerpt":{"rendered":"<p>Recientemente se concluy\u00f3, en Bangkok (Tailandia), la Asamblea continental asi\u00e1tica para el S\u00ednodo, que defini\u00f3 el precioso aporte del continente m\u00e1s grande y poblado del mundo. Entrevistamos a\u00a0 Vanessa Siu-Wai Cheng, focolarina china presente en el evento.<\/p>\n","protected":false},"author":34,"featured_media":0,"comment_status":"open","ping_status":"open","sticky":false,"template":"","format":"standard","meta":{"give_campaign_id":0,"_seopress_robots_primary_cat":"","_seopress_titles_title":"","_seopress_titles_desc":"","_seopress_robots_index":"","_et_pb_use_builder":"","_et_pb_old_content":"","_et_gb_content_width":"","footnotes":""},"categories":[46],"tags":[],"class_list":["post-312012","post","type-post","status-publish","format-standard","hentry","category-sin-categorizar"],"_links":{"self":[{"href":"https:\/\/www.focolare.org\/es\/wp-json\/wp\/v2\/posts\/312012","targetHints":{"allow":["GET"]}}],"collection":[{"href":"https:\/\/www.focolare.org\/es\/wp-json\/wp\/v2\/posts"}],"about":[{"href":"https:\/\/www.focolare.org\/es\/wp-json\/wp\/v2\/types\/post"}],"author":[{"embeddable":true,"href":"https:\/\/www.focolare.org\/es\/wp-json\/wp\/v2\/users\/34"}],"replies":[{"embeddable":true,"href":"https:\/\/www.focolare.org\/es\/wp-json\/wp\/v2\/comments?post=312012"}],"version-history":[{"count":0,"href":"https:\/\/www.focolare.org\/es\/wp-json\/wp\/v2\/posts\/312012\/revisions"}],"wp:attachment":[{"href":"https:\/\/www.focolare.org\/es\/wp-json\/wp\/v2\/media?parent=312012"}],"wp:term":[{"taxonomy":"category","embeddable":true,"href":"https:\/\/www.focolare.org\/es\/wp-json\/wp\/v2\/categories?post=312012"},{"taxonomy":"post_tag","embeddable":true,"href":"https:\/\/www.focolare.org\/es\/wp-json\/wp\/v2\/tags?post=312012"}],"curies":[{"name":"wp","href":"https:\/\/api.w.org\/{rel}","templated":true}]}}