{"id":312018,"date":"2023-03-15T08:00:58","date_gmt":"2023-03-15T07:00:58","guid":{"rendered":"https:\/\/www.focolare.org\/terremoto-en-medio-oriente-accion-y-asistencia-a-las-poblaciones-afectadas\/"},"modified":"2024-05-15T20:53:42","modified_gmt":"2024-05-15T18:53:42","slug":"terremoto-en-medio-oriente-accion-y-asistencia-a-las-poblaciones-afectadas","status":"publish","type":"post","link":"https:\/\/www.focolare.org\/es\/terremoto-en-medio-oriente-accion-y-asistencia-a-las-poblaciones-afectadas\/","title":{"rendered":"Terremoto en Medio Oriente: acci\u00f3n y asistencia a las poblaciones afectadas"},"content":{"rendered":"<p><em>A un mes de los fuertes terremotos que azotaron a Turqu\u00eda y Siria, un breve informe sobre las aportaciones recaudadas por la Coordinaci\u00f3n de Emergencias del Movimiento de los Focolares y una mirada a una primera fase de intervenci\u00f3n iniciada en Siria en febrero, que finalizar\u00e1 en agosto.<\/em>  El 7 de febrero de 2023, la <strong>Coordinaci\u00f3n de Emergencias del Movimiento de los Focolares<\/strong> lanz\u00f3 una recaudaci\u00f3n de fondos extraordinaria en apoyo a la poblaci\u00f3n de Turqu\u00eda y Siria, a trav\u00e9s de ONLUS Acci\u00f3n por un Mundo Unido (AMU) y Acci\u00f3n por Nuevas Familias (AFN).  Actualmente las aportaciones recaudadas corresponden a aproximadamente 580 mil euros y ya se ha enviado una primera cuota de 100 mil euros a algunas zonas sirias afectadas por el terremoto.  En concreto, la intervenci\u00f3n ir\u00e1 a socorrer a unas 2.500 personas y alcanzar\u00e1 indirectamente a entre 5.000 y 10.000 personas en las tres zonas afectadas por el terremoto de Alepo, Latakia y Hama.  Estos son algunos ejemplos de intervenciones que se llevar\u00e1n a cabo y que se refieren a diferentes acciones de asistencia:  <strong>ASISTENCIA<\/strong><strong>\u00a0A LAS NECESIDADES PRIMARIAS<\/strong> <\/p>\n<p style=\"padding-left: 40px;\">\u2013 Abastecimiento de art\u00edculos de primera necesidad \u2013 <strong>alimentos, mantas, medicinas, ropa<\/strong>, etc. \u2013 a los desplazados alojados en centros de acogida improvisados \u200b\u200b(iglesias, mezquitas\u2026).<\/p>\n<p style=\"padding-left: 40px;\">\u2013 <strong>Aportaci\u00f3n econ\u00f3mica<\/strong> a las familias m\u00e1s necesitadas; prestaci\u00f3n de servicios m\u00e9dicos y ayudas para la movilidad post-hospitalizaci\u00f3n, <strong>medicamentos<\/strong>, sesiones de tratamiento f\u00edsico y psicol\u00f3gico para personas afectadas f\u00edsica y psicol\u00f3gicamente.<\/p>\n<p style=\"padding-left: 40px;\">\u2013 Distribuci\u00f3n de <strong>paquetes de alimentos<\/strong> a hogares con inseguridad alimentaria (en colaboraci\u00f3n con otras organizaciones).<\/p>\n<p style=\"padding-left: 40px;\">\u2013 Apoyo econ\u00f3mico a <strong>peque\u00f1os artesanos<\/strong> para recomprar o reparar equipos perdidos y reiniciar la actividad laborativa.<\/p>\n<p> <strong>REHABILITACI\u00d3N DE VIVIENDAS DA\u00d1ADAS POR EL TERREMOTO<\/strong> <\/p>\n<p style=\"padding-left: 40px;\">\u2013 Cubrir los costos de las inspecciones de obra y de los ex\u00e1menes de evaluaci\u00f3n t\u00e9cnica de la <strong>estabilidad de los edificios<\/strong> por parte de comit\u00e9s t\u00e9cnicos de ingenieros.<\/p>\n<p style=\"padding-left: 40px;\">\u2013 Apoyo econ\u00f3mico a familias para trabajos de <strong>consolidaci\u00f3n de los cimientos <\/strong>de edificios y para la rehabilitaci\u00f3n de viviendas da\u00f1adas.<\/p>\n<p style=\"padding-left: 40px;\">\u2013 Cubrir los gastos para la compra de <strong>herramientas de trabajo para artesanos<\/strong> (herreros, plomeros, carpinteros, electricistas) para que puedan retomar sus labores en viviendas siniestradas.<\/p>\n<p style=\"padding-left: 40px;\">\u2013 Apoyo econ\u00f3mico para el pago de los <strong>gastos de alquiler<\/strong> de quienes hayan perdido su vivienda o necesiten residencia temporal por la inadecuaci\u00f3n de su vivienda.<\/p>\n<p> <strong>APOYO PSICOL\u00d3GICO POST TERREMOTO<\/strong> <\/p>\n<p style=\"padding-left: 40px;\">\u2013 Cubrir los gastos de atenci\u00f3n domiciliaria a las <strong>personas mayores<\/strong> que viven solas o que han quedado solas.<\/p>\n<p style=\"padding-left: 40px;\">\u2013 Realizaci\u00f3n de actividades e iniciativas colectivas de <strong>apoyo psicol\u00f3gico grupales<\/strong>, especialmente en los centros de acogida temporal.<\/p>\n<p style=\"padding-left: 40px;\">\u2013 Creaci\u00f3n de <strong>talleres de formaci\u00f3n de apoyo psicol\u00f3gico<\/strong> para dotar de herramientas y metodolog\u00edas a los operarios y voluntarios activos en la ayuda.<\/p>\n<p style=\"text-align: right;\"><em>Maria Grazia Berretta<\/em><\/p>\n<p> <strong>Ver extracto de la Conexi\u00f3n &#8211; 11 de marzo de 2023<\/strong>  https:\/\/youtu.be\/43nAJUfefXs  &nbsp;<\/p>\n","protected":false},"excerpt":{"rendered":"<p>A un mes de los fuertes terremotos que azotaron a Turqu\u00eda y Siria, un breve informe sobre las aportaciones recaudadas por la Coordinaci\u00f3n de Emergencias del Movimiento de los Focolares y una mirada a una primera fase de intervenci\u00f3n iniciada en Siria en febrero, que finalizar\u00e1 en agosto.<\/p>\n","protected":false},"author":34,"featured_media":0,"comment_status":"open","ping_status":"open","sticky":false,"template":"","format":"standard","meta":{"give_campaign_id":0,"_seopress_robots_primary_cat":"","_seopress_titles_title":"","_seopress_titles_desc":"","_seopress_robots_index":"","_et_pb_use_builder":"","_et_pb_old_content":"","_et_gb_content_width":"","footnotes":""},"categories":[46],"tags":[],"class_list":["post-312018","post","type-post","status-publish","format-standard","hentry","category-sin-categorizar"],"_links":{"self":[{"href":"https:\/\/www.focolare.org\/es\/wp-json\/wp\/v2\/posts\/312018","targetHints":{"allow":["GET"]}}],"collection":[{"href":"https:\/\/www.focolare.org\/es\/wp-json\/wp\/v2\/posts"}],"about":[{"href":"https:\/\/www.focolare.org\/es\/wp-json\/wp\/v2\/types\/post"}],"author":[{"embeddable":true,"href":"https:\/\/www.focolare.org\/es\/wp-json\/wp\/v2\/users\/34"}],"replies":[{"embeddable":true,"href":"https:\/\/www.focolare.org\/es\/wp-json\/wp\/v2\/comments?post=312018"}],"version-history":[{"count":0,"href":"https:\/\/www.focolare.org\/es\/wp-json\/wp\/v2\/posts\/312018\/revisions"}],"wp:attachment":[{"href":"https:\/\/www.focolare.org\/es\/wp-json\/wp\/v2\/media?parent=312018"}],"wp:term":[{"taxonomy":"category","embeddable":true,"href":"https:\/\/www.focolare.org\/es\/wp-json\/wp\/v2\/categories?post=312018"},{"taxonomy":"post_tag","embeddable":true,"href":"https:\/\/www.focolare.org\/es\/wp-json\/wp\/v2\/tags?post=312018"}],"curies":[{"name":"wp","href":"https:\/\/api.w.org\/{rel}","templated":true}]}}