{"id":312020,"date":"2023-03-17T03:00:14","date_gmt":"2023-03-17T02:00:14","guid":{"rendered":"https:\/\/www.focolare.org\/evangelio-vivido-vivid-como-hijos-de-la-luz-pues-el-fruto-de-la-luz-consiste-en-toda-bondad-justicia-y-verdad-ef-5-8-9\/"},"modified":"2024-05-15T20:53:42","modified_gmt":"2024-05-15T18:53:42","slug":"evangelio-vivido-vivid-como-hijos-de-la-luz-pues-el-fruto-de-la-luz-consiste-en-toda-bondad-justicia-y-verdad-ef-5-8-9","status":"publish","type":"post","link":"https:\/\/www.focolare.org\/es\/evangelio-vivido-vivid-como-hijos-de-la-luz-pues-el-fruto-de-la-luz-consiste-en-toda-bondad-justicia-y-verdad-ef-5-8-9\/","title":{"rendered":"Evangelio vivido: \u00a0\u00abVivid como hijos de la luz; pues el fruto de la luz consiste en toda bondad, justicia y verdad\u00bb (Ef 5, 8-9)."},"content":{"rendered":"<p><em>La Palabra de Dios, encarnada, vivida concretamente y en nuestro tiempo, nos da la posibilidad de hacer de nuestra vida una fuente de luz capaz de iluminar muchas tinieblas, ofreciendo nuestro aporte en las distintas situaciones. Una mirada nueva sobre las cosas que traza un sendero de esperanza para nosotros y para los que est\u00e1n a nuestro lado.<\/em>  <strong>Una paz que da luz<\/strong> Todo empez\u00f3 cuando mi hijo tuvo los primeros s\u00edntomas de ELA. Como madre me hab\u00eda desvivido siempre por mis hijos y tambi\u00e9n por los nietos, pero no poder hacer nada para frenar un mal tan solapado fue terrible. Un d\u00eda estaba en la iglesia y lloraba.\u00a0 Por sobre el altar mayor\u00a0 hab\u00eda esculturas de la crucifixi\u00f3n, con Juan, la Magdalena y Mar\u00eda al pie de la cruz, que detuvieron mi mirada. Imagin\u00e1ndome lo que experimentar\u00eda Mar\u00eda delante de su Hijo en esas condiciones, me vi como ella, impotente y aplastada por el dolor. No tuve la fuerza de rezar, sino que me qued\u00e9 contemplando, pensando\u2026 y una ins\u00f3lita paz me tranquiliz\u00f3. \u00a0Desde ese d\u00eda, todas las veces que la angustia me aprieta el coraz\u00f3n, vuelvo all\u00ed y pareciera como que Mar\u00eda me repitiese: \u201cQu\u00e9date conmigo, acepta el misterio y participa conmigo en la Redenci\u00f3n\u201d.\u00a0 La paz que consigo en su cercan\u00eda trato de donarla a la familia. \u00a0Una ma\u00f1ana en la que mi hijo, levant\u00e1ndose, se dio cuenta de que ten\u00eda nuevas limitaciones, me llam\u00f3 por tel\u00e9fono para decirme: \u201cMam\u00e1, no s\u00e9 c\u00f3mo ser\u00e1 ma\u00f1ana, pero como estoy sostenido por tu fuerza veo que puedo agradecer a Dios por todo lo que me ha dado\u201d.\u00a0 Para m\u00ed fue un b\u00e1lsamo. (T.F. \u2013 Italia)  <strong>Las riendas del futuro<\/strong> Una reuni\u00f3n de ex alumnos, cincuenta a\u00f1os despu\u00e9s de la conclusi\u00f3n del colegio secundario. Canas, o escasos cabellos, bastones, enfermedades, desilusiones\u2026 pero al mismo tiempo mucha alegr\u00eda de reencontrarnos. Fue inevitable recordar a los que ya hab\u00edan pasado a la otra vida. Despu\u00e9s las conversaciones fueron hacia las esperanzas, los proyectos, los j\u00f3venes, los hijos\u2026 y aqu\u00ed se present\u00f3 el punto doloroso, del que surg\u00eda la misma grave pregunta: \u201c\u00bfEn d\u00f3nde nos hemos equivocado? \u00bfQu\u00e9 futuro hemos construido?\u201d. Uno del grupo, que hab\u00eda consagrado su vida al servicio de los pobres, hablando de las varias soledades que \u00e9l hab\u00eda visto, se hab\u00eda convencido de que en este mundo enfermo, como dice el Papa Francisco, los j\u00f3venes corren muchos riesgos porque respiran indiferencia y no se dan cuenta de la realidad. \u00a0Y conclu\u00eda: \u201cNos toca a nosotros tomar en mano las riendas del futuro\u201d. Nos dejamos con la sensaci\u00f3n (nos lo dijimos luego) de que ese encuentro nos hab\u00eda revelado una nueva obligaci\u00f3n, una tarea, seg\u00fan las condiciones y las posibilidades de cada uno. Por lo que a m\u00ed se refiere, me esforc\u00e9 por comunicarles a mis nietos lo que sus mismos padres no consiguen transmitirles. (L.A. \u2013 Espa\u00f1a) <\/p>\n<p style=\"text-align: right;\"><em>A cargo de Maria Grazia Berretta<\/em><\/p>\n<p> <em>(extra\u00eddo de <\/em><em>Il Vangelo del Giorno<\/em><em>, Citt\u00e0 Nuova, a\u00f1o IX \u2013 n\u00famero1- marzo-abril de 2023)<\/em><\/p>\n","protected":false},"excerpt":{"rendered":"<p>La Palabra de Dios, encarnada, vivida concretamente y en nuestro tiempo, nos da la posibilidad de hacer de nuestra vida una fuente de luz capaz de iluminar muchas tinieblas, ofreciendo nuestro aporte en las distintas situaciones. Una mirada nueva sobre las cosas que traza un sendero de esperanza para nosotros y para los que est\u00e1n a nuestro lado.<\/p>\n","protected":false},"author":33,"featured_media":0,"comment_status":"open","ping_status":"open","sticky":false,"template":"","format":"standard","meta":{"give_campaign_id":0,"_seopress_robots_primary_cat":"","_seopress_titles_title":"","_seopress_titles_desc":"","_seopress_robots_index":"","_et_pb_use_builder":"","_et_pb_old_content":"","_et_gb_content_width":"","footnotes":""},"categories":[46],"tags":[],"class_list":["post-312020","post","type-post","status-publish","format-standard","hentry","category-sin-categorizar"],"_links":{"self":[{"href":"https:\/\/www.focolare.org\/es\/wp-json\/wp\/v2\/posts\/312020","targetHints":{"allow":["GET"]}}],"collection":[{"href":"https:\/\/www.focolare.org\/es\/wp-json\/wp\/v2\/posts"}],"about":[{"href":"https:\/\/www.focolare.org\/es\/wp-json\/wp\/v2\/types\/post"}],"author":[{"embeddable":true,"href":"https:\/\/www.focolare.org\/es\/wp-json\/wp\/v2\/users\/33"}],"replies":[{"embeddable":true,"href":"https:\/\/www.focolare.org\/es\/wp-json\/wp\/v2\/comments?post=312020"}],"version-history":[{"count":0,"href":"https:\/\/www.focolare.org\/es\/wp-json\/wp\/v2\/posts\/312020\/revisions"}],"wp:attachment":[{"href":"https:\/\/www.focolare.org\/es\/wp-json\/wp\/v2\/media?parent=312020"}],"wp:term":[{"taxonomy":"category","embeddable":true,"href":"https:\/\/www.focolare.org\/es\/wp-json\/wp\/v2\/categories?post=312020"},{"taxonomy":"post_tag","embeddable":true,"href":"https:\/\/www.focolare.org\/es\/wp-json\/wp\/v2\/tags?post=312020"}],"curies":[{"name":"wp","href":"https:\/\/api.w.org\/{rel}","templated":true}]}}