{"id":312038,"date":"2023-04-14T11:00:23","date_gmt":"2023-04-14T09:00:23","guid":{"rendered":"https:\/\/www.focolare.org\/movimiento-de-los-focolares-un-decidido-compromiso-por-la-tutela-de-la-persona\/"},"modified":"2024-05-15T20:53:45","modified_gmt":"2024-05-15T18:53:45","slug":"movimiento-de-los-focolares-un-decidido-compromiso-por-la-tutela-de-la-persona","status":"publish","type":"post","link":"https:\/\/www.focolare.org\/es\/movimiento-de-los-focolares-un-decidido-compromiso-por-la-tutela-de-la-persona\/","title":{"rendered":"Movimiento de los Focolares, un decidido compromiso por la tutela de la persona\u00a0"},"content":{"rendered":"<p><em>Proponemos la entrevista realizada por Adriana Masotti de Vatican News a <\/em><em>Joachim Schwind, focolarino y miembro del Consejo General en el Centro Internacional de los Focolares. <\/em>  Se ha publicado en los d\u00edas pasados en el sitio internacional del Movimiento el primer informe sobre los casos de abuso respecto de menores y adultos vulnerables y sobre los abusos de tipo espiritual y de autoridad acontecidos dentro del mismo. Adem\u00e1s de los datos sobre los distintos casos, presenta tambi\u00e9n las medidas de reparaci\u00f3n, los nuevos procedimientos de investigaci\u00f3n y las actividades de formaci\u00f3n a la tutela integral de la persona. En la entrevista, Joachim Schwind, focolarino sacerdote y miembro del Consejo General, explica el camino emprendido.  \u201cLes escribimos para hacer p\u00fablicos los datos correspondientes al detalle de las denuncias recibidas y a las medidas que hemos encarado como Movimiento de los Focolares, a causa de la llaga de los abusos sexuales respecto de menores y personas vulnerables y de los abusos de conciencia, espirituales y de autoridad en adultos; todo lo cual nos ha afectado a nosotros tambi\u00e9n\u201d. As\u00ed, en una carta publicada en la p\u00e1gina web del Movimiento, la Presidente Margaret Karram y el Copresidente Jes\u00fas Mor\u00e1n presentan el primer informe sobre la gesti\u00f3n de los casos de abuso perpetrados dentro del Movimiento.\u00a0 El documento, que se publicar\u00e1 cada a\u00f1o, nos llega tras haber encargado, en el a\u00f1o 2020, a <em>GCPS Consulting<\/em> que investigara acerca de los graves casos de abuso sexual imputados a un ex focolarino franc\u00e9s, J.M.M. Ese caso marc\u00f3 el comienzo de una toma de conciencia del problema y por lo tanto la decisi\u00f3n de iniciar un recorrido, en varios frentes, para garantizar la prevenci\u00f3n y la\u00a0 salvaguardia integral de la persona en todos los \u00e1mbitos en los que se desarrollan las actividades de los Focolares y luchar contra este crimen.  <strong>Las v\u00edctimas en el centro: el pedido de perd\u00f3n<\/strong> En la carta, presidente y copresidente ante todo le piden perd\u00f3n a cada v\u00edctima en nombre de todo el Movimiento.\u00a0 Expresan a las v\u00edctimas y a los sobrevivientes una profunda gratitud, como tambi\u00e9n a las familias y comunidades implicadas \u2013no s\u00f3lo en Francia, sino tambi\u00e9n en todos los pa\u00edses en donde han surgido casos de abuso\u2013 pues gracias a su colaboraci\u00f3n y sobre todo a la valent\u00eda al afrontar y poner en evidencia estos cr\u00edmenes, el Movimiento hoy est\u00e1 llevando adelante con mayor conciencia nuevos compromisos y procedimientos con respecto a la tutela de las personas.\u00a0 Las personas que han sufrido abusos ocupan en este proceso un sitio central y prioritario. \u00a0La escucha, el pedido de perd\u00f3n, el ofrecimiento de ayuda y el camino reparador son el punto\u00a0 de partida.  <strong>La nueva Comisi\u00f3n Independiente Central<\/strong> El informe se compone de distintas partes y presenta los datos correspondientes a los abusos que han llegado a la Comisi\u00f3n para el Bienestar y la Tutela de la Persona (CO.BE.TU.) desde 2014, a\u00f1o de su constituci\u00f3n y por ende de la recopilaci\u00f3n sistem\u00e1tica de los distintos casos, hasta diciembre de 2022.\u00a0 Otra secci\u00f3n est\u00e1 dedicada a las medidas ya iniciadas o en fase de implementaci\u00f3n, en respuesta a las recomendaciones de la investigaci\u00f3n independiente de \u00a0<em>GCPS Consulting<\/em>. En el texto se anuncia que a partir del 1 de mayo de 2023, para la gesti\u00f3n de los distintos casos, entrar\u00e1 en funciones la Comisi\u00f3n Independiente Central y concluir\u00e1 la tarea de la \u00a0CO.BE.TU. \u00a0Adem\u00e1s, el informe presenta el \u201cProtocolo para la gesti\u00f3n de los casos de abuso en el Movimiento de los Focolares\u201d y las \u201cL\u00edneas de apoyo y reparaci\u00f3n financiera en caso de abusos sexuales en menores\/adultos vulnerables\u201d. Est\u00e1 previsto, adem\u00e1s, un \u00d3rgano de Vigilancia nombrado por la Presidente y formado por al menos cinco miembros externos al Movimiento.  <strong>Algunos datos presentados en el informe<\/strong> Seg\u00fan los datos referidos en el texto publicado, el total de los casos recogidos de abusos llega a \u00a061. Por lo que se refiere a las v\u00edctimas: 17 denuncias se refieren a adultos vulnerables, 28 a j\u00f3venes de entre 14 y 18 a\u00f1os, 13 a personas de menos de 14 a\u00f1os, 2 casos denunciados se refieren a la posesi\u00f3n de material ped\u00f3filo-pornogr\u00e1fico. \u00a066 es el total de los autores de los abusos de los cuales 63 varones y 3 mujeres. 20 de entre los responsables de abusos comprobados han sido separados del Movimiento, 9 han sido sometidos a sanciones, otros casos est\u00e1n a\u00fan pendientes.\u00a0 Por \u00faltimo, 39 casos ocurrieron en Europa, 15 en el Continente americano, 3 entre Asia y Ocean\u00eda y 4 en \u00c1frica. Para el cap\u00edtulo sobre los abusos sexuales, de conciencia, espirituales y de autoridad respecto de adultos, los casos denunciados han sido 22, 31 los autores m\u00e1s algunos a\u00fan no identificados, 12 son varones y 19 mujeres. La distribuci\u00f3n\u00a0 de los casos por \u00e1rea geogr\u00e1fica indican: 16 casos en Europa, 3 en el Continente Americano, 2 en \u00c1frica y 1 entre Asia y Ocean\u00eda.  <strong>Una red para la contenci\u00f3n y la escucha de las v\u00edctimas<\/strong> Dentro del Movimiento de los Focolares se reforzar\u00e1n o se constituir\u00e1n las Comisiones locales para el bienestar y la tutela de los menores y de las personas vulnerables, con la presencia de profesionales en los \u00e1mbitos del apoyo psicol\u00f3gico, legal, pedag\u00f3gico y formativo, con la tarea de recibir denuncias, testimonios y activar los procedimientos de investigaci\u00f3n. \u00a0Las comisiones locales podr\u00e1n ofrecer tambi\u00e9n un punto de escucha para todos los que deseen compartir la propia experiencia de abuso, violencia, malestares de todo tipo, contando tambi\u00e9n \u2013si ello fuere solicitado\u2013 con un asesoramiento para un recorrido sucesivo. En algunos pa\u00edses, como en Francia, Alemania y otras naciones, estos puntos de escucha ya se han activado. Adem\u00e1s, se crear\u00e1 una Comisi\u00f3n disciplinaria central, compuesta en su mayor\u00eda por profesionales externos, con la finalidad de evaluar la responsabilidad de los dirigentes del Movimiento de los Focolares en la gesti\u00f3n de los abusos de diferentes tipos.  <strong>Schwind: una verg\u00fcenza que exige un gran cambio<\/strong> <strong>Joachim Schwind<\/strong>\u00a0es un sacerdote del Movimiento de los Focolares, te\u00f3logo y periodista de origen alem\u00e1n. Es miembro del Consejo General del Movimiento y Corresponsable de la Comisi\u00f3n encargada de realizar las recomendaciones del informe redactado por \u00a0<em>GCPS\u00a0Consulting<\/em>. En nuestros micr\u00f3fonos Joachim Schwind\u00a0 cuenta lo que se ha hecho sobre la cuesti\u00f3n de los abusos, a partir de esa investigaci\u00f3n, y describe c\u00f3mo han vivido lo que emergi\u00f3 de all\u00ed los responsables y las comunidades del Movimiento:  <strong>\u00bfCu\u00e1l ha sido el punto inicial de este nuevo recorrido para la tutela de la persona? \u00bfPor d\u00f3nde se ha empezado?<\/strong> No s\u00e9 si hablar de un punto inicial, o m\u00e1s bien de un punto decisivo. Y \u00e9ste ha sido, sin lugar a dudas, la publicaci\u00f3n del informe de la sociedad inglesa GCPS realizado hace un a\u00f1o y que indag\u00f3 acerca de ese caso de abuso en Francia. No era el punto inicial porque ya en 2011 hab\u00edan empezado a efectuarse ya algunas medidas, pero que fueron absolutamente insuficientes e insatisfactorias.\u00a0 En cambio, este informe provoc\u00f3 un gran impacto y una verdadera verg\u00fcenza en todo el Movimiento, por la extensi\u00f3n, por la duraci\u00f3n de ese caso, por el n\u00famero de las v\u00edctimas, pero tambi\u00e9n por el fracaso de nuestra gesti\u00f3n de esa situaci\u00f3n, en la coordinaci\u00f3n de nuestras estructuras organizativas y de gobierno. Y era importante optar por publicar ese informe \u201csin reservas\u201d, por m\u00e1s que algunos habr\u00edan deseado discutir algunas partes; sin embargo, para nosotros significaba aceptar la humillaci\u00f3n que conten\u00eda ese documento, aceptar el hecho de que no somos mejores que los dem\u00e1s. Pero hay que decir que en la base de todo esto no estaba nuestra elecci\u00f3n, sino el coraje de las v\u00edctimas que hab\u00edan hecho la denuncia y que hab\u00edan indicado lo que hab\u00eda sucedido.  <strong>Ha de haber sido muy doloroso enterarse de casos de abusos sexuales perpetrados dentro del Movimiento. <\/strong><strong>\u00bfCu\u00e1les fueron las primeras reacciones? <\/strong><strong>\u00bfCu\u00e1les fueron, en particular, las reacciones de los responsables del Movimiento a nivel central?<\/strong> Ciertamente, como he dicho antes, ha sido profundamente doloroso, impactante y vergonzoso. Las primeras reacciones fueron la de reconocer los hechos y la de pedir perd\u00f3n. Todo eso lo hab\u00eda hecho ya la que era en ese entonces la Presidente, Mar\u00eda Voce, en 2009, \u00a0y lo hicieron nuevamente la actual Presidente \u00a0Margaret Karam y nuestro co-presidente Jes\u00fas Mor\u00e1n. \u00a0Luego, decir lo que fueron las reacciones de un Movimiento mundial no es f\u00e1cil, porque estamos difundidos en todo el mundo, en todos los contextos culturales y por ello vivimos todo el abanico de reacciones que puede haber: shock, incredulidad, verg\u00fcenza, y tambi\u00e9n una b\u00fasqueda de justificaciones. Hab\u00eda quien trataba de explicar la situaci\u00f3n como un caso singular, diciendo que los autores estaban enfermos, que esas cosas no nos tocan, o que no se refer\u00edan al propio pa\u00eds, etc. Hab\u00eda mucho malestar; los padres que hab\u00edan confiado en el Movimiento para la formaci\u00f3n de sus hijos e hijas estaban muy enfadados. Hubo personas que salieron del Movimiento, otras que quisieron ir a fondo en estas situaciones, hab\u00eda quien sent\u00eda el deber de hacer algo y luego \u201cdar vuelta la p\u00e1gina\u201d. Y en este contexto fue muy indicativo lo que dijo nuestro co-presidente en un encuentro, que \u201cesta p\u00e1gina hay que leerla hasta el fondo antes de darle la vuelta\u201d.  <strong>Frente a esta realidad, \u00bfcu\u00e1les fueron las decisiones que se tomaron, ante todo respecto de las denuncias que hab\u00edan llegado?<\/strong> La primera cosa que hicimos a nivel de responsables fue \u00a0realizar juntos una peregrinaci\u00f3n, con una liturgia de pedido de perd\u00f3n y de reconciliaci\u00f3n frente a Dios. Creamos una Comisi\u00f3n, de la que soy miembro, que ten\u00eda la tarea de especificar las medidas que habr\u00eda que tomar. \u00a0Muchos de nosotros, empezando por la presidente y el copresidente, buscamos el contacto con las v\u00edctimas, y yo tambi\u00e9n personalmente tengo que decir que esas charlas con las v\u00edctimas y con los sobrevivientes han sido lo m\u00e1s precioso de todo este proceso. La decisi\u00f3n quiz\u00e1 m\u00e1s importante fue, a continuaci\u00f3n, la de la reforma de la Comisi\u00f3n independiente que tuvo la tarea de indagar sobre los casos de abusos. \u00a0Y en esa reforma la parte m\u00e1s evidente y m\u00e1s importante es que de ahora en m\u00e1s todo abuso sexual ser\u00e1 denunciado a las autoridades judiciales. En los pa\u00edses en donde existe la obligaci\u00f3n de la denuncia, ella se har\u00e1 inmediatamente. En los pa\u00edses en donde la ley no lo prev\u00e9, se hace una especie de investigaci\u00f3n y de comprobaci\u00f3n sobre la verosimilitud, una vez realizada la cual se pasar\u00e1 a la denuncia a las autoridades judiciales. Adem\u00e1s, con la reforma de esa Comisi\u00f3n hemos tratado de acelerar los procedimientos, pensando siempre en las v\u00edctimas que no deben esperar demasiado tiempo una vez que han tenido la valent\u00eda de denunciar. Hemos tratado tambi\u00e9n de liberar a esta Comisi\u00f3n de otras tareas, en particular la de la formaci\u00f3n, para garantizar un recorrido m\u00e1s r\u00e1pido de todos los procedimientos, mientras que la formaci\u00f3n pasa a una Comisi\u00f3n espec\u00edfica. Luego, hemos creado en distintos pa\u00edses puntos de escucha para facilitar la presentaci\u00f3n de las denuncias, porque a menudo no es tan f\u00e1cil encontrar el coraje para hacerlo.  <strong>El otro frente de compromiso ha sido el de la prevenci\u00f3n de los abusos y de la formaci\u00f3n a la tutela integral de la persona de todos los que pertenecen al Movimiento. <\/strong><strong>En esto ha habido una movilizaci\u00f3n importante&#8230; <\/strong> Sin duda, la prevenci\u00f3n es el punto quiz\u00e1 m\u00e1s importante y en este contexto nos han ayudado algunos expertos externos, porque despu\u00e9s de la publicaci\u00f3n del informe GCPS nos vimos tentados de tratar de realizarlo todo, pero corr\u00edamos \u00a0el riesgo de perdernos, de alguna manera, en el mar de las medidas que quer\u00edamos implementar. Se nos aconsej\u00f3 concentrarnos ante todo en el hecho de crear ambientes seguros en el Movimiento, es decir que los espacios del Movimiento, los encuentros y los lugares sean espacios seguros. \u00a0Ciertamente la seguridad en un 100 por ciento no existe nunca, pero hay que aumentar a toda costa la atenci\u00f3n y la sensibilizaci\u00f3n de todos y ello requiere formaci\u00f3n, formaci\u00f3n, formaci\u00f3n.\u00a0 Nuestra opci\u00f3n ha sido no s\u00f3lo la de seguir la formaci\u00f3n para los mismos formadores, los educadores y los animadores, que ya se estaba efectuando, sino tambi\u00e9n la de crear recorridos de formaci\u00f3n para todos los miembros del Movimiento y hemos lanzado el reto muy ambicioso de que en los dos pr\u00f3ximos dos a\u00f1os todo miembro del Movimiento de los Focolares tiene que haber hecho por lo menos un curso b\u00e1sico para la prevenci\u00f3n y la protecci\u00f3n de los menores contra los abusos sexuales.  <strong>No s\u00f3lo abusos de tipo sexual en personas vulnerables, sino tambi\u00e9n espirituales y de autoridad. <\/strong><strong>De ello tambi\u00e9n se habla en el informe publicado. <\/strong><strong>Y aqu\u00ed entramos en un \u00e1mbito quiz\u00e1s m\u00e1s sutil, m\u00e1s dif\u00edcil de descifrar. <\/strong><strong>\u00bfQu\u00e9 puedes decirnos a este respecto? <\/strong><strong>\u00bfHa habido denuncias de este tipo y c\u00f3mo se configuran?<\/strong> Es muy importante hablar de abusos espirituales, de autoridad, de poder, de conciencia. Importante porque los abusos sexuales casi siempre son abusos de poder. Entonces el problema que subyace no es la cuesti\u00f3n de la sexualidad, sino que justamente el abuso de la conciencia, el abuso espiritual, el abuso de dependencias relacionadas con el poder. Y es verdad, como dice Usted, que es muy dif\u00edcil descifrar qu\u00e9 es un abuso espiritual. Ya el mismo t\u00e9rmino no es muy claro todav\u00eda, no est\u00e1 bien definido y pienso que ello se refleja en el n\u00famero relativamente bajo de casos de este tipo que hemos publicado en nuestro informe. Hay un camino por transitar que ha comenzado y en ello nos ayudar\u00e1n los puntos de escucha de los que ya he hablado. Luego, tambi\u00e9n hay personas que han sufrido un abuso de poder y que no quieren denunciarlo ante una comisi\u00f3n, sino que piden para hablarlo con la persona que les ha hecho el da\u00f1o. Piden una mediaci\u00f3n, un coloquio, quiz\u00e1s tambi\u00e9n un camino de reconciliaci\u00f3n. Hay tambi\u00e9n otros que no han encontrado a\u00fan el coraje para denunciar. En todo esto pienso que es muy importante un cambio de cultura y para nosotros hubo un momento muy significativo cuando, en septiembre del a\u00f1o pasado, los responsables del Movimiento de todas las zonas se encontraron en nuestro Centro internacional junto con el Consejo General. Durante varios d\u00edas hablamos de nuestras experiencias, encontramos nosotros el coraje de la escucha, la valent\u00eda de la palabra y tratamos\u00a0 de crear una nueva cultura\u00a0 de apertura, de escucha, de contar lo que nos sucede.\u00a0 All\u00ed tambi\u00e9n se requiere una formaci\u00f3n, distinci\u00f3n del fuero interno y del fuero externo, como aconseja el Papa a la Iglesia; formaci\u00f3n a la conciencia, formaci\u00f3n a la prevalencia absoluta de la dignidad humana. Sabemos que el poder conlleva siempre un riesgo, entonces el nuestro es un camino que ha empezado y estamos a\u00fan afin\u00e1ndolo.\u00a0 Hay que rever los procedimientos para la elecci\u00f3n de los responsables y ahora hay mucha m\u00e1s participaci\u00f3n de la base en la elecci\u00f3n de los candidatos; y luego hay que practicar la alternancia en los roles de gobierno.  <strong>\u00bfQu\u00e9 significa para el Movimiento de los Focolares hacer p\u00fablico lo que se refiere a la cuesti\u00f3n de los abusos? <\/strong><strong>Habr\u00eda podido optar por no hacerlo&#8230; \u00bfQu\u00e9 mensaje se quiere dar?<\/strong> Yo no dir\u00eda que queremos dar un mensaje con este informe, porque podr\u00eda parecer que queremos cuidar nuestra imagen. Pienso que ante todo tenemos que pedir perd\u00f3n a toda persona que sufri\u00f3 por lo inadecuado de nuestras formas de gobierno, de control y de responsabilidad. \u00a0Y tambi\u00e9n tenemos que agradecer a aquellos que han encontrado el coraje de denunciar y de hacernos sentir incluso su enojo. Con la publicaci\u00f3n de este informe, sobre todo a ellos queremos decirles que no lo han hecho en vano y que el camino de nuestra conversi\u00f3n y reparaci\u00f3n ha empezado muy recientemente, pero durar\u00e1. Y pienso que uno de las se\u00f1ales m\u00e1s fuertes de este informe se halla en el simple hecho de que es el comienzo de una serie porque nos hemos comprometido a publicar de ahora en m\u00e1s todos los a\u00f1os ese informe. Ello permite a las v\u00edctimas y a la opini\u00f3n p\u00fablica seguir y controlar nuestro camino y tambi\u00e9n dentro de nuestro Movimiento; \u00a0y este hecho nos obligar\u00e1 a no detenernos nunca. <\/p>\n<p style=\"text-align: right;\"><em><strong>Adriana Masotti &#8211; Ciudad del Vaticano<\/strong><\/em><\/p>\n<p> Fuente: <a href=\"https:\/\/www.vaticannews.va\/it\/chiesa\/news\/2023-04\/movimento-focolari-abusi-minori-tutela-integrale-formazione.html\">Vatican News<\/a><\/p>\n","protected":false},"excerpt":{"rendered":"<p>Proponemos la entrevista realizada por Adriana Masotti de Vatican News a Joachim Schwind, focolarino y miembro del Consejo General en el Centro Internacional de los Focolares.<\/p>\n","protected":false},"author":33,"featured_media":0,"comment_status":"open","ping_status":"open","sticky":false,"template":"","format":"standard","meta":{"give_campaign_id":0,"_seopress_robots_primary_cat":"","_seopress_titles_title":"","_seopress_titles_desc":"","_seopress_robots_index":"","_et_pb_use_builder":"","_et_pb_old_content":"","_et_gb_content_width":"","footnotes":""},"categories":[3085,46,3094,3307],"tags":[3346,3199],"class_list":["post-312038","post","type-post","status-publish","format-standard","hentry","category-centro-internazionale-4","category-sin-categorizar","category-sociale-4","category-tutela-minori-es","tag-notifiche-es","tag-ppg-es"],"_links":{"self":[{"href":"https:\/\/www.focolare.org\/es\/wp-json\/wp\/v2\/posts\/312038","targetHints":{"allow":["GET"]}}],"collection":[{"href":"https:\/\/www.focolare.org\/es\/wp-json\/wp\/v2\/posts"}],"about":[{"href":"https:\/\/www.focolare.org\/es\/wp-json\/wp\/v2\/types\/post"}],"author":[{"embeddable":true,"href":"https:\/\/www.focolare.org\/es\/wp-json\/wp\/v2\/users\/33"}],"replies":[{"embeddable":true,"href":"https:\/\/www.focolare.org\/es\/wp-json\/wp\/v2\/comments?post=312038"}],"version-history":[{"count":0,"href":"https:\/\/www.focolare.org\/es\/wp-json\/wp\/v2\/posts\/312038\/revisions"}],"wp:attachment":[{"href":"https:\/\/www.focolare.org\/es\/wp-json\/wp\/v2\/media?parent=312038"}],"wp:term":[{"taxonomy":"category","embeddable":true,"href":"https:\/\/www.focolare.org\/es\/wp-json\/wp\/v2\/categories?post=312038"},{"taxonomy":"post_tag","embeddable":true,"href":"https:\/\/www.focolare.org\/es\/wp-json\/wp\/v2\/tags?post=312038"}],"curies":[{"name":"wp","href":"https:\/\/api.w.org\/{rel}","templated":true}]}}